{"id":236096,"date":"2025-11-15T12:07:30","date_gmt":"2025-11-15T15:07:30","guid":{"rendered":"https:\/\/corrientesdetarde.com\/?p=236096"},"modified":"2025-11-15T12:08:01","modified_gmt":"2025-11-15T15:08:01","slug":"murio-un-joven-y-otro-esta-grave-tras-un-accidente","status":"publish","type":"post","link":"https:\/\/corrientesdetarde.com\/index.php\/policiales\/murio-un-joven-y-otro-esta-grave-tras-un-accidente\/","title":{"rendered":"Muri\u00f3 un joven y otro est\u00e1 grave tras un accidente"},"content":{"rendered":"\n<p>Un&nbsp;<strong>joven muri\u00f3<\/strong>&nbsp;y otro permanece&nbsp;<strong>internado en grave estado<\/strong>&nbsp;luego de un siniestro vial ocurrido durante la madrugada de este s\u00e1bado en la ciudad de&nbsp;<strong>Bella Vista<\/strong>.<\/p>\n\n\n\n<p>El hecho se registr\u00f3&nbsp;&nbsp;sobre&nbsp;<strong>calle Buenos Aires, entre Kloster y Tucum\u00e1n<\/strong>, seg\u00fan inform\u00f3 la Polic\u00eda de Corrientes.&nbsp;<\/p>\n\n\n\n<p>De acuerdo con los primeros datos, ambos menores se desplazaban en una&nbsp;<strong>motocicleta de 150 cc<\/strong>&nbsp;cuando, por razones que a\u00fan se investigan, el conductor&nbsp;<strong>perdi\u00f3 el control del rodado<\/strong>.<\/p>\n\n\n\n<p>Como consecuencia, uno de los j\u00f3venes falleci\u00f3 en el lugar.&nbsp;<\/p>\n\n\n\n<p>Su acompa\u00f1ante, tambi\u00e9n menor de edad, fue&nbsp;<strong>auxiliado y trasladado al hospital local<\/strong>, donde posteriormente los m\u00e9dicos confirmaron que presenta&nbsp;<strong>lesiones de consideraci\u00f3n<\/strong>.<\/p>\n\n\n\n<p>En el lugar intervino la&nbsp;<strong>Unidad Fiscal en turno<\/strong>, que orden\u00f3 las diligencias correspondientes. En la dependencia policial contin\u00faan con los tr\u00e1mites y actuaciones de rigor para establecer con precisi\u00f3n las circunstancias en que ocurri\u00f3 el hecho.<\/p>\n","protected":false},"excerpt":{"rendered":"<p>Un&nbsp;joven muri\u00f3&nbsp;y otro permanece&nbsp;internado en grave estado&nbsp;luego de un siniestro vial ocurrido durante la madrugada de este s\u00e1bado en la ciudad de&nbsp;Bella Vista. El hecho se registr\u00f3&nbsp;&nbsp;sobre&nbsp;calle Buenos Aires, entre&hellip; <\/p>\n","protected":false},"author":1,"featured_media":236097,"comment_status":"closed","ping_status":"open","sticky":false,"template":"","format":"standard","meta":{"footnotes":""},"categories":[33],"tags":[],"class_list":["post-236096","post","type-post","status-publish","format-standard","has-post-thumbnail","hentry","category-policiales"],"_links":{"self":[{"href":"https:\/\/corrientesdetarde.com\/index.php\/wp-json\/wp\/v2\/posts\/236096","targetHints":{"allow":["GET"]}}],"collection":[{"href":"https:\/\/corrientesdetarde.com\/index.php\/wp-json\/wp\/v2\/posts"}],"about":[{"href":"https:\/\/corrientesdetarde.com\/index.php\/wp-json\/wp\/v2\/types\/post"}],"author":[{"embeddable":true,"href":"https:\/\/corrientesdetarde.com\/index.php\/wp-json\/wp\/v2\/users\/1"}],"replies":[{"embeddable":true,"href":"https:\/\/corrientesdetarde.com\/index.php\/wp-json\/wp\/v2\/comments?post=236096"}],"version-history":[{"count":1,"href":"https:\/\/corrientesdetarde.com\/index.php\/wp-json\/wp\/v2\/posts\/236096\/revisions"}],"predecessor-version":[{"id":236098,"href":"https:\/\/corrientesdetarde.com\/index.php\/wp-json\/wp\/v2\/posts\/236096\/revisions\/236098"}],"wp:featuredmedia":[{"embeddable":true,"href":"https:\/\/corrientesdetarde.com\/index.php\/wp-json\/wp\/v2\/media\/236097"}],"wp:attachment":[{"href":"https:\/\/corrientesdetarde.com\/index.php\/wp-json\/wp\/v2\/media?parent=236096"}],"wp:term":[{"taxonomy":"category","embeddable":true,"href":"https:\/\/corrientesdetarde.com\/index.php\/wp-json\/wp\/v2\/categories?post=236096"},{"taxonomy":"post_tag","embeddable":true,"href":"https:\/\/corrientesdetarde.com\/index.php\/wp-json\/wp\/v2\/tags?post=236096"}],"curies":[{"name":"wp","href":"https:\/\/api.w.org\/{rel}","templated":true}]}}