{"id":236202,"date":"2025-11-16T23:43:43","date_gmt":"2025-11-17T02:43:43","guid":{"rendered":"https:\/\/corrientesdetarde.com\/?p=236202"},"modified":"2025-11-16T23:43:44","modified_gmt":"2025-11-17T02:43:44","slug":"velez-y-river-cerraron-el-clausura-sin-goles-en-liniers","status":"publish","type":"post","link":"https:\/\/corrientesdetarde.com\/index.php\/deportes\/velez-y-river-cerraron-el-clausura-sin-goles-en-liniers\/","title":{"rendered":"V\u00e9lez y River cerraron el Clausura sin goles en Liniers"},"content":{"rendered":"\n<p>Empate cerrado, sin quiebres en el marcador y con dos estrenos en el visitante. La definici\u00f3n dej\u00f3 a los dos con panoramas distintos para lo que sigue.<\/p>\n\n\n\n<p>En el Jos\u00e9 Amalfitani, V\u00e9lez y River igualaron 0-0 por la \u00faltima fecha del Torneo Clausura, jugada este domingo 16. El elenco velezano qued\u00f3 cuarto en la Zona B con 26 puntos y jugar\u00e1 octavos como local. River finaliz\u00f3 sexto con 22, necesitar\u00e1 ser campe\u00f3n o bien, que Rosario Central, Boca o Argentinos se queden con el t\u00edtulo para acceder al repechaje de la Copa Libertadores 2026.<\/p>\n\n\n\n<p>El elenco de Gallardo acumul\u00f3 su cuarto partido sin marcar y abri\u00f3 el tramo inicial con tres llegadas claras que no prosperaron. V\u00e9lez respondi\u00f3 con dos situaciones resueltas por Armani: un disparo de Carrizo y otra acci\u00f3n posterior en pelota parada. Silvero roz\u00f3 el gol en un c\u00f3rner. River reclam\u00f3 penal por una mano de Bouzat, que Rey Hilfer desestim\u00f3. En el segundo tiempo, Acosta remat\u00f3 desde lejos y Marchiori tap\u00f3.<\/p>\n\n\n\n<p>Fabricio Bustos sali\u00f3 lesionado y dio paso al ingreso de Lucas Obreg\u00f3n, que debut\u00f3 en Primera. Tambi\u00e9n debut\u00f3 Joaqu\u00edn Freitas. Los cambios en River fueron: Obreg\u00f3n por Bustos, Subiabre por Lencina, Acosta por Juanfer y Freitas por Salas. En V\u00e9lez ingresaron Monz\u00f3n por Godoy; Andrada y Baeza por Cavanagh y Lanzini; y Vald\u00e9s por Galv\u00e1n.<\/p>\n\n\n\n<p>El equipo de Liniers aline\u00f3 a Marchiori; Gordon, Silvero, Quir\u00f3s, Bouzat; Baeza, Lanzini, Aliendro; Carrizo, Godoy, Pizzini. River form\u00f3 con Armani; Bustos, Portillo, Rivero, Casco; Galoppo, Enzo P\u00e9rez, Lencina; Quintero; Driussi y Salas.<\/p>\n","protected":false},"excerpt":{"rendered":"<p>Empate cerrado, sin quiebres en el marcador y con dos estrenos en el visitante. La definici\u00f3n dej\u00f3 a los dos con panoramas distintos para lo que sigue. En el Jos\u00e9&hellip; <\/p>\n","protected":false},"author":4,"featured_media":236203,"comment_status":"closed","ping_status":"open","sticky":false,"template":"","format":"standard","meta":{"footnotes":""},"categories":[4],"tags":[],"class_list":["post-236202","post","type-post","status-publish","format-standard","has-post-thumbnail","hentry","category-deportes"],"_links":{"self":[{"href":"https:\/\/corrientesdetarde.com\/index.php\/wp-json\/wp\/v2\/posts\/236202","targetHints":{"allow":["GET"]}}],"collection":[{"href":"https:\/\/corrientesdetarde.com\/index.php\/wp-json\/wp\/v2\/posts"}],"about":[{"href":"https:\/\/corrientesdetarde.com\/index.php\/wp-json\/wp\/v2\/types\/post"}],"author":[{"embeddable":true,"href":"https:\/\/corrientesdetarde.com\/index.php\/wp-json\/wp\/v2\/users\/4"}],"replies":[{"embeddable":true,"href":"https:\/\/corrientesdetarde.com\/index.php\/wp-json\/wp\/v2\/comments?post=236202"}],"version-history":[{"count":1,"href":"https:\/\/corrientesdetarde.com\/index.php\/wp-json\/wp\/v2\/posts\/236202\/revisions"}],"predecessor-version":[{"id":236204,"href":"https:\/\/corrientesdetarde.com\/index.php\/wp-json\/wp\/v2\/posts\/236202\/revisions\/236204"}],"wp:featuredmedia":[{"embeddable":true,"href":"https:\/\/corrientesdetarde.com\/index.php\/wp-json\/wp\/v2\/media\/236203"}],"wp:attachment":[{"href":"https:\/\/corrientesdetarde.com\/index.php\/wp-json\/wp\/v2\/media?parent=236202"}],"wp:term":[{"taxonomy":"category","embeddable":true,"href":"https:\/\/corrientesdetarde.com\/index.php\/wp-json\/wp\/v2\/categories?post=236202"},{"taxonomy":"post_tag","embeddable":true,"href":"https:\/\/corrientesdetarde.com\/index.php\/wp-json\/wp\/v2\/tags?post=236202"}],"curies":[{"name":"wp","href":"https:\/\/api.w.org\/{rel}","templated":true}]}}