{"id":236216,"date":"2025-11-17T08:28:26","date_gmt":"2025-11-17T11:28:26","guid":{"rendered":"https:\/\/corrientesdetarde.com\/?p=236216"},"modified":"2025-11-17T08:28:39","modified_gmt":"2025-11-17T11:28:39","slug":"detuvieron-a-dos-hombres-que-viajaban-en-un-colectivo-con-cocaina-y-marihuana","status":"publish","type":"post","link":"https:\/\/corrientesdetarde.com\/index.php\/locales\/detuvieron-a-dos-hombres-que-viajaban-en-un-colectivo-con-cocaina-y-marihuana\/","title":{"rendered":"detuvieron a dos hombres que viajaban en un colectivo con coca\u00edna y marihuana"},"content":{"rendered":"\n<p>La&nbsp;<strong>Polic\u00eda de Corrientes<\/strong>&nbsp;inform\u00f3 este domingo que&nbsp;<strong>detuvieron a dos personas que viajaban en un colectivo con coca\u00edna y marihuana&nbsp;<\/strong>en la localidad correntina de&nbsp;<strong>General Paz<\/strong>.<\/p>\n\n\n\n<p>El hecho se registr\u00f3 cuando los polic\u00edas identificaron a los pasajeros de un&nbsp;<strong>transporte de larga distancia<\/strong>.<\/p>\n\n\n\n<p>Durante la inspecci\u00f3n,&nbsp;<strong>dos hombres de 21 y 29 a\u00f1os<\/strong>&nbsp;fueron sorprendidos llevando sustancias entre sus pertenencias.<\/p>\n\n\n\n<p>Ante el hecho, se solicit\u00f3 la intervenci\u00f3n de la&nbsp;<strong>Divisi\u00f3n de Drogas Peligrosas y Crimen Organizado de Ensenada Grande<\/strong>, que realiz\u00f3 el&nbsp;<strong>narco-test orientativo<\/strong>.<\/p>\n\n\n\n<p>Las pruebas arrojaron&nbsp;<strong>resultado positivo para coca\u00edna<\/strong>, con un peso de&nbsp;<strong>10 gramos<\/strong>, y&nbsp;<strong>cannabis sativa<\/strong>, con un total de&nbsp;<strong>9 gramos<\/strong>.<\/p>\n\n\n\n<p>Los dos demorados, junto con lo secuestrado, quedaron&nbsp;<strong>a disposici\u00f3n de la Justicia<\/strong>&nbsp;y fueron trasladados a la dependencia policial para continuar con los&nbsp;<strong>tr\u00e1mites de rigor<\/strong>.<\/p>\n","protected":false},"excerpt":{"rendered":"<p>La&nbsp;Polic\u00eda de Corrientes&nbsp;inform\u00f3 este domingo que&nbsp;detuvieron a dos personas que viajaban en un colectivo con coca\u00edna y marihuana&nbsp;en la localidad correntina de&nbsp;General Paz. El hecho se registr\u00f3 cuando los polic\u00edas&hellip; <\/p>\n","protected":false},"author":1,"featured_media":236217,"comment_status":"closed","ping_status":"open","sticky":false,"template":"","format":"standard","meta":{"footnotes":""},"categories":[8],"tags":[],"class_list":["post-236216","post","type-post","status-publish","format-standard","has-post-thumbnail","hentry","category-locales"],"_links":{"self":[{"href":"https:\/\/corrientesdetarde.com\/index.php\/wp-json\/wp\/v2\/posts\/236216","targetHints":{"allow":["GET"]}}],"collection":[{"href":"https:\/\/corrientesdetarde.com\/index.php\/wp-json\/wp\/v2\/posts"}],"about":[{"href":"https:\/\/corrientesdetarde.com\/index.php\/wp-json\/wp\/v2\/types\/post"}],"author":[{"embeddable":true,"href":"https:\/\/corrientesdetarde.com\/index.php\/wp-json\/wp\/v2\/users\/1"}],"replies":[{"embeddable":true,"href":"https:\/\/corrientesdetarde.com\/index.php\/wp-json\/wp\/v2\/comments?post=236216"}],"version-history":[{"count":1,"href":"https:\/\/corrientesdetarde.com\/index.php\/wp-json\/wp\/v2\/posts\/236216\/revisions"}],"predecessor-version":[{"id":236218,"href":"https:\/\/corrientesdetarde.com\/index.php\/wp-json\/wp\/v2\/posts\/236216\/revisions\/236218"}],"wp:featuredmedia":[{"embeddable":true,"href":"https:\/\/corrientesdetarde.com\/index.php\/wp-json\/wp\/v2\/media\/236217"}],"wp:attachment":[{"href":"https:\/\/corrientesdetarde.com\/index.php\/wp-json\/wp\/v2\/media?parent=236216"}],"wp:term":[{"taxonomy":"category","embeddable":true,"href":"https:\/\/corrientesdetarde.com\/index.php\/wp-json\/wp\/v2\/categories?post=236216"},{"taxonomy":"post_tag","embeddable":true,"href":"https:\/\/corrientesdetarde.com\/index.php\/wp-json\/wp\/v2\/tags?post=236216"}],"curies":[{"name":"wp","href":"https:\/\/api.w.org\/{rel}","templated":true}]}}