{"id":236219,"date":"2025-11-17T08:44:23","date_gmt":"2025-11-17T11:44:23","guid":{"rendered":"https:\/\/corrientesdetarde.com\/?p=236219"},"modified":"2025-11-17T08:44:54","modified_gmt":"2025-11-17T11:44:54","slug":"ruta-5-un-automovil-se-incinero-por-completo-y-sus-dos-ocupantes-lograron-ponerse-a-salvo","status":"publish","type":"post","link":"https:\/\/corrientesdetarde.com\/index.php\/informacion-general\/ruta-5-un-automovil-se-incinero-por-completo-y-sus-dos-ocupantes-lograron-ponerse-a-salvo\/","title":{"rendered":"Ruta 5: Un autom\u00f3vil se inciner\u00f3 por completo y sus dos ocupantes lograron ponerse a salvo"},"content":{"rendered":"\n<p>Un autom\u00f3vil se inciner\u00f3 por completo y sus dos ocupantes lograron ponerse a salvo. Le dijeron a la Polic\u00eda que el veh\u00edculo levant\u00f3 temperatura antes del siniestro, pero result\u00f3 que uno de ellos ten\u00eda pedido de detenci\u00f3n activa del Juzgado de Saladas por una causa de robo.<\/p>\n\n\n\n<p><\/p>\n\n\n\n<p>Adem\u00e1s, la fuerza de seguridad tenido reportes de un auto de similares caracter\u00edsticas que evadi\u00f3 un control de ruta, dos semanas atr\u00e1s. El incidente ocurri\u00f3 a las 1:50 de la madrugada de ayer, sobre Ruta Provincial N\u00b05, pasando Laguna Alfonso, donde la Polic\u00eda tom\u00f3 conocimiento de que un Volkswagen Vento se incendiaba.<\/p>\n\n\n\n<p>Al llegar los m\u00f3viles y bomberos, junto al veh\u00edculo hab\u00eda hombres, uno de apellido Jara y otro de nombre M. A. Molina, de 35 a\u00f1os, que result\u00f3 tener un pedido de detenci\u00f3n. A todo esto, la historia inicial contada por los protagonistas ten\u00eda algunas inconsistencias, pero por orden del fiscal el demorado qued\u00f3 en libertad.<\/p>\n\n\n\n<p>El auto ten\u00eda como destino la ciudad misionera de Posadas, por lo que el camino usado no cuadraba con la versi\u00f3n del incidente.<\/p>\n","protected":false},"excerpt":{"rendered":"<p>Un autom\u00f3vil se inciner\u00f3 por completo y sus dos ocupantes lograron ponerse a salvo. Le dijeron a la Polic\u00eda que el veh\u00edculo levant\u00f3 temperatura antes del siniestro, pero result\u00f3 que&hellip; <\/p>\n","protected":false},"author":1,"featured_media":236228,"comment_status":"closed","ping_status":"open","sticky":false,"template":"","format":"standard","meta":{"footnotes":""},"categories":[1],"tags":[],"class_list":["post-236219","post","type-post","status-publish","format-standard","has-post-thumbnail","hentry","category-informacion-general"],"_links":{"self":[{"href":"https:\/\/corrientesdetarde.com\/index.php\/wp-json\/wp\/v2\/posts\/236219","targetHints":{"allow":["GET"]}}],"collection":[{"href":"https:\/\/corrientesdetarde.com\/index.php\/wp-json\/wp\/v2\/posts"}],"about":[{"href":"https:\/\/corrientesdetarde.com\/index.php\/wp-json\/wp\/v2\/types\/post"}],"author":[{"embeddable":true,"href":"https:\/\/corrientesdetarde.com\/index.php\/wp-json\/wp\/v2\/users\/1"}],"replies":[{"embeddable":true,"href":"https:\/\/corrientesdetarde.com\/index.php\/wp-json\/wp\/v2\/comments?post=236219"}],"version-history":[{"count":1,"href":"https:\/\/corrientesdetarde.com\/index.php\/wp-json\/wp\/v2\/posts\/236219\/revisions"}],"predecessor-version":[{"id":236229,"href":"https:\/\/corrientesdetarde.com\/index.php\/wp-json\/wp\/v2\/posts\/236219\/revisions\/236229"}],"wp:featuredmedia":[{"embeddable":true,"href":"https:\/\/corrientesdetarde.com\/index.php\/wp-json\/wp\/v2\/media\/236228"}],"wp:attachment":[{"href":"https:\/\/corrientesdetarde.com\/index.php\/wp-json\/wp\/v2\/media?parent=236219"}],"wp:term":[{"taxonomy":"category","embeddable":true,"href":"https:\/\/corrientesdetarde.com\/index.php\/wp-json\/wp\/v2\/categories?post=236219"},{"taxonomy":"post_tag","embeddable":true,"href":"https:\/\/corrientesdetarde.com\/index.php\/wp-json\/wp\/v2\/tags?post=236219"}],"curies":[{"name":"wp","href":"https:\/\/api.w.org\/{rel}","templated":true}]}}