{"id":236249,"date":"2025-11-17T14:09:24","date_gmt":"2025-11-17T17:09:24","guid":{"rendered":"https:\/\/corrientesdetarde.com\/?p=236249"},"modified":"2025-11-17T14:09:55","modified_gmt":"2025-11-17T17:09:55","slug":"licencia-extraordinaria-por-violencia-de-genero","status":"publish","type":"post","link":"https:\/\/corrientesdetarde.com\/index.php\/politica\/licencia-extraordinaria-por-violencia-de-genero\/","title":{"rendered":"licencia extraordinaria por violencia de g\u00e9nero"},"content":{"rendered":"\n<p>La C\u00e1mara Alta sancion\u00f3 la ley N\u00b06732 que establece una licencia extraordinaria por violencia de g\u00e9nero.La iniciativa habilita un plazo de hasta cuarenta y cinco d\u00edas corridos o discontinuos por a\u00f1o calendario, con goce \u00edntegro de haberes, para que la v\u00edctima pueda realizar los tr\u00e1mites pertinentes y necesarios para su protecci\u00f3n.<\/p>\n\n\n\n<p>El proyecto fue presentado y trabajado por la senadora Sonia Quintana<\/p>\n\n\n\n<p><\/p>\n","protected":false},"excerpt":{"rendered":"<p>La C\u00e1mara Alta sancion\u00f3 la ley N\u00b06732 que establece una licencia extraordinaria por violencia de g\u00e9nero.La iniciativa habilita un plazo de hasta cuarenta y cinco d\u00edas corridos o discontinuos por&hellip; <\/p>\n","protected":false},"author":8,"featured_media":236250,"comment_status":"closed","ping_status":"open","sticky":false,"template":"","format":"standard","meta":{"footnotes":""},"categories":[26,3],"tags":[],"class_list":["post-236249","post","type-post","status-publish","format-standard","has-post-thumbnail","hentry","category-destacados","category-politica"],"_links":{"self":[{"href":"https:\/\/corrientesdetarde.com\/index.php\/wp-json\/wp\/v2\/posts\/236249","targetHints":{"allow":["GET"]}}],"collection":[{"href":"https:\/\/corrientesdetarde.com\/index.php\/wp-json\/wp\/v2\/posts"}],"about":[{"href":"https:\/\/corrientesdetarde.com\/index.php\/wp-json\/wp\/v2\/types\/post"}],"author":[{"embeddable":true,"href":"https:\/\/corrientesdetarde.com\/index.php\/wp-json\/wp\/v2\/users\/8"}],"replies":[{"embeddable":true,"href":"https:\/\/corrientesdetarde.com\/index.php\/wp-json\/wp\/v2\/comments?post=236249"}],"version-history":[{"count":1,"href":"https:\/\/corrientesdetarde.com\/index.php\/wp-json\/wp\/v2\/posts\/236249\/revisions"}],"predecessor-version":[{"id":236251,"href":"https:\/\/corrientesdetarde.com\/index.php\/wp-json\/wp\/v2\/posts\/236249\/revisions\/236251"}],"wp:featuredmedia":[{"embeddable":true,"href":"https:\/\/corrientesdetarde.com\/index.php\/wp-json\/wp\/v2\/media\/236250"}],"wp:attachment":[{"href":"https:\/\/corrientesdetarde.com\/index.php\/wp-json\/wp\/v2\/media?parent=236249"}],"wp:term":[{"taxonomy":"category","embeddable":true,"href":"https:\/\/corrientesdetarde.com\/index.php\/wp-json\/wp\/v2\/categories?post=236249"},{"taxonomy":"post_tag","embeddable":true,"href":"https:\/\/corrientesdetarde.com\/index.php\/wp-json\/wp\/v2\/tags?post=236249"}],"curies":[{"name":"wp","href":"https:\/\/api.w.org\/{rel}","templated":true}]}}