{"id":236256,"date":"2025-11-17T14:15:36","date_gmt":"2025-11-17T17:15:36","guid":{"rendered":"https:\/\/corrientesdetarde.com\/?p=236256"},"modified":"2025-11-17T14:16:08","modified_gmt":"2025-11-17T17:16:08","slug":"este-jueves-20-se-celebra-el-dia-de-la-musica-con-un-concierto-sinfonico-coral-en-el-teatro-vera","status":"publish","type":"post","link":"https:\/\/corrientesdetarde.com\/index.php\/cultura\/este-jueves-20-se-celebra-el-dia-de-la-musica-con-un-concierto-sinfonico-coral-en-el-teatro-vera\/","title":{"rendered":"Este jueves 20 se celebra el D\u00eda de la M\u00fasica con un concierto Sinf\u00f3nico Coral en el Teatro Vera"},"content":{"rendered":"\n<p>El Instituto Superior de M\u00fasica \u201cProf. Carmelo H. De Biasi\u201d junto a la Orquesta Sinf\u00f3nica de Corrientes proponen esta velada de celebraci\u00f3n del D\u00eda de la M\u00fasica el jueves 20 desde las 21 hs en el Teatro Oficial Juan de Vera. Las entradas ya est\u00e1n a la venta en&nbsp;<a href=\"https:\/\/4ue34.r.sp1-brevo.net\/mk\/cl\/f\/sh\/6rqJfgq8dINmNvd2HB7mP7OK8Ju\/mZJB22HtMEpH\" target=\"_blank\" rel=\"noreferrer noopener\">weepas.ar<\/a>&nbsp;y en boleter\u00eda del teatro<\/p>\n\n\n\n<p>La instituci\u00f3n educativa forma a ni\u00f1os, j\u00f3venes y profesionales de la m\u00fasica desde hace m\u00e1s de 50 a\u00f1os; numerosos integrantes de la orquesta sinf\u00f3nica han pasado por las aulas del ISMU siendo hoy docentes del mismo.<\/p>\n\n\n\n<p>En la noche del jueves 20 de noviembre se presentar\u00e1n en vivo el Coro de Ni\u00f1os dirigido por Lisandro Palomo; el coro \u201cCantus Animae\u201d, dirigido por Alejandro Bendersky y el coro \u201cLes Amis\u201d de la ciudad de Resistencia, dirigido por Eduardo Rodr\u00edguez.<\/p>\n\n\n\n<p>El solista invitado ser\u00e1 el bar\u00edtono Francisco Malvido y junto a la Orquesta Sinf\u00f3nica de Corrientes interpretar\u00e1n grandes oberturas rom\u00e1nticas como \u201cNabucco\u201d de Verdi, \u201cGuillermo Tell\u201d de Rossini, \u201cMefist\u00f3feles de Boito\u201d y \u201cObertura 1812\u201d de Tchaikovsky, entre otras.<\/p>\n\n\n\n<p>El director invitado para este gran concierto sinf\u00f3nico coral es el Maestro Alejandro Bendersky, rector del Instituto Superior de M\u00fasica \u201cCarmelo H. De Biasi\u201d, qui\u00e9n se expres\u00f3 respecto de la iniciativa manifestando que \u201chist\u00f3ricamente el ISMU y el Teatro Vera han tenido una estrecha relaci\u00f3n, llev\u00e1ndose adelante nuestro gran concierto anual en el Vera en coincidencia con el D\u00eda de la M\u00fasica, que se celebra cada 22 de noviembre.<\/p>\n\n\n\n<p>Ahora que el teatro ha retomado sus actividades con tanto \u00e9xito, sin haber perdido un \u00e1pice de su ac\u00fastica excepcional, estoy como director invitado para dirigir a la Orquesta Sinf\u00f3nica de Corrientes y a los coros del instituto, tanto de ni\u00f1os, como de adultos, y tambi\u00e9n el coro Le Amis de Resistencia, que dirige el maestro Eduardo Rodr\u00edguez.<\/p>\n\n\n\n<p>Este concierto tan especial es organizado por la cooperadora del ISMU y lo recaudado ser\u00e1 destinado a la instituci\u00f3n\u201d, agreg\u00f3 Bendersky.<\/p>\n\n\n\n<p><strong>Entradas<\/strong><\/p>\n\n\n\n<p>Las entradas, disponibles desde $10.600, se encuentran a la venta en&nbsp;<a href=\"https:\/\/4ue34.r.sp1-brevo.net\/mk\/cl\/f\/sh\/6rqJfgq8dIPRQNvBlUXKKiWFlcw\/mq6df9SAIQog\" target=\"_blank\" rel=\"noreferrer noopener\">weepas.ar<\/a>&nbsp;y en boleter\u00eda del teatro, San Juan 637, de lunes a s\u00e1bados de 9 a 13 hs y de 17 a 21 hs.<\/p>\n\n\n\n<p>Para clientes del BanCo con tarjetas de cr\u00e9dito Visa, pueden adquirirse con un 20% de reintegro y hasta en 3 cuotas sin inter\u00e9s.<\/p>\n\n\n\n<p><\/p>\n","protected":false},"excerpt":{"rendered":"<p>El Instituto Superior de M\u00fasica \u201cProf. Carmelo H. De Biasi\u201d junto a la Orquesta Sinf\u00f3nica de Corrientes proponen esta velada de celebraci\u00f3n del D\u00eda de la M\u00fasica el jueves 20&hellip; <\/p>\n","protected":false},"author":8,"featured_media":236257,"comment_status":"closed","ping_status":"open","sticky":false,"template":"","format":"standard","meta":{"footnotes":""},"categories":[15],"tags":[],"class_list":["post-236256","post","type-post","status-publish","format-standard","has-post-thumbnail","hentry","category-cultura"],"_links":{"self":[{"href":"https:\/\/corrientesdetarde.com\/index.php\/wp-json\/wp\/v2\/posts\/236256","targetHints":{"allow":["GET"]}}],"collection":[{"href":"https:\/\/corrientesdetarde.com\/index.php\/wp-json\/wp\/v2\/posts"}],"about":[{"href":"https:\/\/corrientesdetarde.com\/index.php\/wp-json\/wp\/v2\/types\/post"}],"author":[{"embeddable":true,"href":"https:\/\/corrientesdetarde.com\/index.php\/wp-json\/wp\/v2\/users\/8"}],"replies":[{"embeddable":true,"href":"https:\/\/corrientesdetarde.com\/index.php\/wp-json\/wp\/v2\/comments?post=236256"}],"version-history":[{"count":1,"href":"https:\/\/corrientesdetarde.com\/index.php\/wp-json\/wp\/v2\/posts\/236256\/revisions"}],"predecessor-version":[{"id":236258,"href":"https:\/\/corrientesdetarde.com\/index.php\/wp-json\/wp\/v2\/posts\/236256\/revisions\/236258"}],"wp:featuredmedia":[{"embeddable":true,"href":"https:\/\/corrientesdetarde.com\/index.php\/wp-json\/wp\/v2\/media\/236257"}],"wp:attachment":[{"href":"https:\/\/corrientesdetarde.com\/index.php\/wp-json\/wp\/v2\/media?parent=236256"}],"wp:term":[{"taxonomy":"category","embeddable":true,"href":"https:\/\/corrientesdetarde.com\/index.php\/wp-json\/wp\/v2\/categories?post=236256"},{"taxonomy":"post_tag","embeddable":true,"href":"https:\/\/corrientesdetarde.com\/index.php\/wp-json\/wp\/v2\/tags?post=236256"}],"curies":[{"name":"wp","href":"https:\/\/api.w.org\/{rel}","templated":true}]}}