{"id":236259,"date":"2025-11-17T14:20:30","date_gmt":"2025-11-17T17:20:30","guid":{"rendered":"https:\/\/corrientesdetarde.com\/?p=236259"},"modified":"2025-11-17T14:21:01","modified_gmt":"2025-11-17T17:21:01","slug":"salud-publica-insta-a-completar-esquemas-de-vacunacion-13","status":"publish","type":"post","link":"https:\/\/corrientesdetarde.com\/index.php\/bienestar-y-salud\/salud-publica-insta-a-completar-esquemas-de-vacunacion-13\/","title":{"rendered":"Salud P\u00fablica insta a completar esquemas de vacunaci\u00f3n"},"content":{"rendered":"\n<p>Las personas que se encuentran dentro del grupo de riesgo tienen que tener una dosis de antigripal y en cuanto a Covid-19, quienes hayan recibido su \u00faltima dosis con un intervalo de 6 meses o m\u00e1s, deben concurrir a las vacunatorios, independientemente del n\u00famero de aplicaciones con las que cuenten. Se recuerda tambi\u00e9n que las vacunas de calendario regular est\u00e1n disponibles en todos los centros de salud con vacunatorio.<\/p>\n\n\n\n<p>El Ministerio de Salud P\u00fablica de la Provincia, a trav\u00e9s de la Direcci\u00f3n de Inmunizaciones, recuerda qui\u00e9nes deben recibir la vacuna antigripal y refuerzos por Covid-19. Adem\u00e1s, se insiste en completar el calendario de vacunaci\u00f3n: las vacunas son gratuitas y est\u00e1n disponibles en los centros de salud con vacunatorio.<\/p>\n\n\n\n<p>En la Capital, las dosis antigripales est\u00e1n disponibles en los Centros de Atenci\u00f3n Primaria de la Salud (CAPS), en las Salas de Atenci\u00f3n Primaria de la Salud (SAPS) de la Municipalidad de Corrientes y en los hospitales \u00c1ngela I. de Llano y pedi\u00e1trico Juan Pablo II. En tanto, en el interior las dosis est\u00e1n disponibles en los distintos vacunatorios.<\/p>\n\n\n\n<p><strong>\u00bfQui\u00e9nes deben recibir la vacuna antigripal?<\/strong><\/p>\n\n\n\n<p>Personal de la salud, embarazadas: en cualquier momento de la gestaci\u00f3n, pu\u00e9rperas: hasta 10 d\u00edas despu\u00e9s del parto, si no la recibieron durante el embarazo, ni\u00f1os de 6 a 24 meses: deben recibir dos dosis separadas por al menos 4 semanas, ni\u00f1os y adultos de 2 a\u00f1os a 64 a\u00f1os con enfermedades: respiratorias, card\u00edacas, inmunodeficiencias cong\u00e9nitas o adquiridas, pacientes oncohematol\u00f3gicos y trasplantados; personas con obesidad, diab\u00e9ticos, y personas con insuficiencia renal cr\u00f3nica en di\u00e1lisis: deber\u00e1n presentar orden m\u00e9dica que acredite dicha condici\u00f3n y las personas mayores de 65 a\u00f1os.<\/p>\n\n\n\n<p><strong>\u00bfQui\u00e9nes deben recibir refuerzo de la vacuna contra el Covid-19?<\/strong><\/p>\n\n\n\n<p>Quienes hayan recibido su \u00faltima dosis con un intervalo de 6 meses o m\u00e1s, deben concurrir a las vacunatorios, independientemente del n\u00famero de aplicaciones con las que cuenten.<\/p>\n\n\n\n<p><strong>Cronograma<\/strong><\/p>\n\n\n\n<p>VACUNACI\u00d3N CALENDARIO REGULAR, COVID-19 Y ANTIGRIPAL (para poblaci\u00f3n de riesgo).<\/p>\n\n\n\n<p>De lunes a jueves de 8 a 12 y de 14 a 18, en la Estaci\u00f3n Saludable de Plaza Cabral.<\/p>\n\n\n\n<p>Las dosis de antigripal est\u00e1n disponibles en CAPS, SAPS, hospitales y vacunatorios de toda la provincia.<\/p>\n\n\n\n<p>Asistir con DNI, carnet de vacunaci\u00f3n e indicaci\u00f3n m\u00e9dica en caso que corresponda (de 2 a 64 a\u00f1os con patolog\u00edas de riesgo).<\/p>\n\n\n\n<p>VACUNACI\u00d3N COVID-19 EN CAPS<\/p>\n\n\n\n<p>De lunes a jueves de 8 a 12 y de 14 a 18.<\/p>\n\n\n\n<p>-CAPS N\u00b0 1- San Jos\u00e9.<\/p>\n\n\n\n<p>-CAPS N\u00b0 5- Dr. Monta\u00f1a.<\/p>\n\n\n\n<p>-CAPS N\u00b0 9- 17 de Agosto.<\/p>\n\n\n\n<p>-CAPS N\u00ba 14 Juan de Vera.<\/p>\n\n\n\n<p>Se recuerda concurrir con DNI y carnet de vacunaci\u00f3n, en el caso de los menores acompa\u00f1ados por un adulto.<\/p>\n\n\n\n<p>Vale mencionar que estas campa\u00f1as en el interior se llevan adelante de forma articulada con los hospitales locales.<\/p>\n\n\n\n<figure class=\"wp-block-image size-large\"><img loading=\"lazy\" decoding=\"async\" width=\"819\" height=\"1024\" src=\"https:\/\/corrientesdetarde.com\/wp-content\/uploads\/2025\/11\/image-512-819x1024.png\" alt=\"\" class=\"wp-image-236260\" srcset=\"https:\/\/corrientesdetarde.com\/wp-content\/uploads\/2025\/11\/image-512-819x1024.png 819w, https:\/\/corrientesdetarde.com\/wp-content\/uploads\/2025\/11\/image-512-240x300.png 240w, https:\/\/corrientesdetarde.com\/wp-content\/uploads\/2025\/11\/image-512-768x960.png 768w, https:\/\/corrientesdetarde.com\/wp-content\/uploads\/2025\/11\/image-512.png 1152w\" sizes=\"auto, (max-width: 819px) 100vw, 819px\" \/><\/figure>\n\n\n\n<figure class=\"wp-block-image size-large\"><img loading=\"lazy\" decoding=\"async\" width=\"819\" height=\"1024\" src=\"https:\/\/corrientesdetarde.com\/wp-content\/uploads\/2025\/11\/image-513-819x1024.png\" alt=\"\" class=\"wp-image-236261\" srcset=\"https:\/\/corrientesdetarde.com\/wp-content\/uploads\/2025\/11\/image-513-819x1024.png 819w, https:\/\/corrientesdetarde.com\/wp-content\/uploads\/2025\/11\/image-513-240x300.png 240w, https:\/\/corrientesdetarde.com\/wp-content\/uploads\/2025\/11\/image-513-768x960.png 768w, https:\/\/corrientesdetarde.com\/wp-content\/uploads\/2025\/11\/image-513.png 1152w\" sizes=\"auto, (max-width: 819px) 100vw, 819px\" \/><\/figure>\n","protected":false},"excerpt":{"rendered":"<p>Las personas que se encuentran dentro del grupo de riesgo tienen que tener una dosis de antigripal y en cuanto a Covid-19, quienes hayan recibido su \u00faltima dosis con un&hellip; <\/p>\n","protected":false},"author":8,"featured_media":236262,"comment_status":"closed","ping_status":"open","sticky":false,"template":"","format":"standard","meta":{"footnotes":""},"categories":[16],"tags":[],"class_list":["post-236259","post","type-post","status-publish","format-standard","has-post-thumbnail","hentry","category-bienestar-y-salud"],"_links":{"self":[{"href":"https:\/\/corrientesdetarde.com\/index.php\/wp-json\/wp\/v2\/posts\/236259","targetHints":{"allow":["GET"]}}],"collection":[{"href":"https:\/\/corrientesdetarde.com\/index.php\/wp-json\/wp\/v2\/posts"}],"about":[{"href":"https:\/\/corrientesdetarde.com\/index.php\/wp-json\/wp\/v2\/types\/post"}],"author":[{"embeddable":true,"href":"https:\/\/corrientesdetarde.com\/index.php\/wp-json\/wp\/v2\/users\/8"}],"replies":[{"embeddable":true,"href":"https:\/\/corrientesdetarde.com\/index.php\/wp-json\/wp\/v2\/comments?post=236259"}],"version-history":[{"count":1,"href":"https:\/\/corrientesdetarde.com\/index.php\/wp-json\/wp\/v2\/posts\/236259\/revisions"}],"predecessor-version":[{"id":236263,"href":"https:\/\/corrientesdetarde.com\/index.php\/wp-json\/wp\/v2\/posts\/236259\/revisions\/236263"}],"wp:featuredmedia":[{"embeddable":true,"href":"https:\/\/corrientesdetarde.com\/index.php\/wp-json\/wp\/v2\/media\/236262"}],"wp:attachment":[{"href":"https:\/\/corrientesdetarde.com\/index.php\/wp-json\/wp\/v2\/media?parent=236259"}],"wp:term":[{"taxonomy":"category","embeddable":true,"href":"https:\/\/corrientesdetarde.com\/index.php\/wp-json\/wp\/v2\/categories?post=236259"},{"taxonomy":"post_tag","embeddable":true,"href":"https:\/\/corrientesdetarde.com\/index.php\/wp-json\/wp\/v2\/tags?post=236259"}],"curies":[{"name":"wp","href":"https:\/\/api.w.org\/{rel}","templated":true}]}}