{"id":23626,"date":"2022-11-29T07:31:20","date_gmt":"2022-11-29T10:31:20","guid":{"rendered":"https:\/\/corrientesdetarde.com\/?p=23626"},"modified":"2022-11-29T07:31:22","modified_gmt":"2022-11-29T10:31:22","slug":"el-ministro-de-transporte-alexis-guerrera-dejara-su-cargo","status":"publish","type":"post","link":"https:\/\/corrientesdetarde.com\/index.php\/nacionales\/el-ministro-de-transporte-alexis-guerrera-dejara-su-cargo\/","title":{"rendered":"El ministro de Transporte, Alexis Guerrera, dejar\u00e1 su cargo"},"content":{"rendered":"\n<p>El funcionario dejar\u00e1 su cargo aunque a\u00fan no est\u00e1n definidas las condiciones de su alejamiento.<\/p>\n\n\n\n<p>El ministro de Transporte, Alexis Guerrera, dejar\u00e1 su cargo en los pr\u00f3ximos d\u00edas como consecuencia de un problema de salud, aunque a\u00fan no est\u00e1n definidas las condiciones de su alejamiento.<\/p>\n\n\n\n<p>Se espera que este martes se produzca un encuentro entre Guerrera y el presidente, Alberto Fern\u00e1ndez, para definir los t\u00e9rminos de su alejamiento, es decir, si renuncia o si se toma licencia.<\/p>\n\n\n\n<p>Guerrera, referente del Frente Renovador de&nbsp;<strong>Sergio Massa<\/strong>, dejar\u00e1 el cargo, ya sea por un tiempo o de forma definitiva.<\/p>\n\n\n\n<p>Guerrera asumi\u00f3 en el cargo el 3 de mayo de 2021 para reemplazar su antecesor, Mario Meoni,\u00a0quien falleci\u00f3 en un accidente de tr\u00e1nsito cuando se dirig\u00eda a la ciudad de Jun\u00edn, de donde era oriundo.<\/p>\n\n\n\n<p><\/p>\n","protected":false},"excerpt":{"rendered":"<p>El funcionario dejar\u00e1 su cargo aunque a\u00fan no est\u00e1n definidas las condiciones de su alejamiento. El ministro de Transporte, Alexis Guerrera, dejar\u00e1 su cargo en los pr\u00f3ximos d\u00edas como consecuencia&hellip; <\/p>\n","protected":false},"author":1,"featured_media":23627,"comment_status":"closed","ping_status":"open","sticky":false,"template":"","format":"standard","meta":{"footnotes":""},"categories":[10],"tags":[],"class_list":["post-23626","post","type-post","status-publish","format-standard","has-post-thumbnail","hentry","category-nacionales"],"_links":{"self":[{"href":"https:\/\/corrientesdetarde.com\/index.php\/wp-json\/wp\/v2\/posts\/23626","targetHints":{"allow":["GET"]}}],"collection":[{"href":"https:\/\/corrientesdetarde.com\/index.php\/wp-json\/wp\/v2\/posts"}],"about":[{"href":"https:\/\/corrientesdetarde.com\/index.php\/wp-json\/wp\/v2\/types\/post"}],"author":[{"embeddable":true,"href":"https:\/\/corrientesdetarde.com\/index.php\/wp-json\/wp\/v2\/users\/1"}],"replies":[{"embeddable":true,"href":"https:\/\/corrientesdetarde.com\/index.php\/wp-json\/wp\/v2\/comments?post=23626"}],"version-history":[{"count":1,"href":"https:\/\/corrientesdetarde.com\/index.php\/wp-json\/wp\/v2\/posts\/23626\/revisions"}],"predecessor-version":[{"id":23628,"href":"https:\/\/corrientesdetarde.com\/index.php\/wp-json\/wp\/v2\/posts\/23626\/revisions\/23628"}],"wp:featuredmedia":[{"embeddable":true,"href":"https:\/\/corrientesdetarde.com\/index.php\/wp-json\/wp\/v2\/media\/23627"}],"wp:attachment":[{"href":"https:\/\/corrientesdetarde.com\/index.php\/wp-json\/wp\/v2\/media?parent=23626"}],"wp:term":[{"taxonomy":"category","embeddable":true,"href":"https:\/\/corrientesdetarde.com\/index.php\/wp-json\/wp\/v2\/categories?post=23626"},{"taxonomy":"post_tag","embeddable":true,"href":"https:\/\/corrientesdetarde.com\/index.php\/wp-json\/wp\/v2\/tags?post=23626"}],"curies":[{"name":"wp","href":"https:\/\/api.w.org\/{rel}","templated":true}]}}