{"id":236271,"date":"2025-11-17T15:07:59","date_gmt":"2025-11-17T18:07:59","guid":{"rendered":"https:\/\/corrientesdetarde.com\/?p=236271"},"modified":"2025-11-17T15:08:20","modified_gmt":"2025-11-17T18:08:20","slug":"la-china-suarez-mando-al-frente-a-mauro-icardi-y-ventilo-el-mensaje-con-el-que-empezo-el-vinculo","status":"publish","type":"post","link":"https:\/\/corrientesdetarde.com\/index.php\/espectaculos\/la-china-suarez-mando-al-frente-a-mauro-icardi-y-ventilo-el-mensaje-con-el-que-empezo-el-vinculo\/","title":{"rendered":"La China Su\u00e1rez mand\u00f3 al frente a Mauro Icardi y ventil\u00f3 el mensaje con el que empez\u00f3 el v\u00ednculo"},"content":{"rendered":"\n<p>La actriz cont\u00f3 por primera vez c\u00f3mo fue el primer acercamiento con el futbolista cuando \u00e9l estaba en pareja con Wanda Nara.<\/p>\n\n\n\n<p>La\u00a0<strong>China Su\u00e1rez<\/strong>revel\u00f3 al aire de\u00a0<em>La ma\u00f1ana con Moria (eltrece)<\/em>\u00a0c\u00f3mo fue el<strong>\u00a0primer acercamiento\u00a0<\/strong>que tuvo con\u00a0<strong>Mauro Icardi\u00a0<\/strong>a trav\u00e9s de las redes sociales.<\/p>\n\n\n\n<p>Si bien siempre se rumore\u00f3 que hab\u00eda sido la actriz la primera en hablarle, en esta entrevista con&nbsp;<strong>Moria Cas\u00e1n<\/strong>&nbsp;busc\u00f3 desmentir las versiones y mand\u00f3 al frente al futbolista.<\/p>\n\n\n\n<p>Su declaraci\u00f3n surgi\u00f3 cuando La One quiso saber qui\u00e9n empez\u00f3 el contacto. \u201cFue \u00e9l,&nbsp;<strong>me mand\u00f3 un mensaje&nbsp;<\/strong>en un momento de mi vida en el que yo estaba bajo tierra\u201d, lanz\u00f3 la China.<\/p>\n\n\n\n<figure class=\"wp-block-image size-large\"><img loading=\"lazy\" decoding=\"async\" width=\"1024\" height=\"574\" src=\"https:\/\/corrientesdetarde.com\/wp-content\/uploads\/2025\/11\/image-518-1024x574.png\" alt=\"\" class=\"wp-image-236273\" srcset=\"https:\/\/corrientesdetarde.com\/wp-content\/uploads\/2025\/11\/image-518-1024x574.png 1024w, https:\/\/corrientesdetarde.com\/wp-content\/uploads\/2025\/11\/image-518-300x168.png 300w, https:\/\/corrientesdetarde.com\/wp-content\/uploads\/2025\/11\/image-518-768x430.png 768w, https:\/\/corrientesdetarde.com\/wp-content\/uploads\/2025\/11\/image-518.png 1440w\" sizes=\"auto, (max-width: 1024px) 100vw, 1024px\" \/><\/figure>\n\n\n\n<p>Luego de tomarse unos segundos para pensar en si revelar o no la informaci\u00f3n, la ex<em>&nbsp;Casi \u00c1ngeles&nbsp;<\/em>le pregunt\u00f3 a Mauro:&nbsp;<strong>\u201c\u00bfPuedo contarlo?\u201c<\/strong>.<\/p>\n\n\n\n<p>Al recibir la aprobaci\u00f3n de su novio, la China cont\u00f3 c\u00f3mo fue ese primer mensaje que le lleg\u00f3 de Icardi. \u201cMe puso:&nbsp;<strong>\u2018Esa boquita\u2019<\/strong>\u201d.<\/p>\n\n\n\n<p>Sobre ese halago que recibi\u00f3, Eugenia Su\u00e1rez dio a entender que todav\u00eda sigue siendo una de las&nbsp;<strong>debilidades&nbsp;<\/strong>del futbolista: \u201cEs al d\u00eda de hoy que tiene como algo con mi boca\u201d.<\/p>\n\n\n\n<h2 class=\"wp-block-heading\">La frase de Icardi que hizo emocionar a la China Su\u00e1rez<\/h2>\n\n\n\n<p>En un momento de la nota,&nbsp;<strong>Mauro Icardi&nbsp;<\/strong>agarr\u00f3 el micr\u00f3fono y le dedic\u00f3&nbsp;<strong>tiernas palabras&nbsp;<\/strong>a su novia. El futbolista destac\u00f3 el rol importante que ocup\u00f3 la actriz cuando \u00e9l no pod\u00eda jugar en el Galatasaray, ya que ten\u00eda que recuperarse de su lesi\u00f3n en la rodilla.<\/p>\n\n\n\n<p>\u201cEstaba solo con mil problemas, sin poder estar con mis hijas y&nbsp;<strong>ella fue el apoyo que necesitaba<\/strong>\u201d, expres\u00f3 Mauro en<em>&nbsp;La ma\u00f1ana con Moria (eltrece)<\/em>.<\/p>\n\n\n\n<figure class=\"wp-block-image size-large\"><img loading=\"lazy\" decoding=\"async\" width=\"768\" height=\"1024\" src=\"https:\/\/corrientesdetarde.com\/wp-content\/uploads\/2025\/11\/image-519-768x1024.png\" alt=\"\" class=\"wp-image-236274\" srcset=\"https:\/\/corrientesdetarde.com\/wp-content\/uploads\/2025\/11\/image-519-768x1024.png 768w, https:\/\/corrientesdetarde.com\/wp-content\/uploads\/2025\/11\/image-519-225x300.png 225w, https:\/\/corrientesdetarde.com\/wp-content\/uploads\/2025\/11\/image-519-1152x1536.png 1152w, https:\/\/corrientesdetarde.com\/wp-content\/uploads\/2025\/11\/image-519.png 1440w\" sizes=\"auto, (max-width: 768px) 100vw, 768px\" \/><\/figure>\n\n\n\n<p>\u201cPas\u00f3 en Par\u00eds hace cuatro a\u00f1os, en 2021, y muy contento de que siga, de c\u00f3mo estamos,<strong>&nbsp;de la familia que formamos<\/strong>\u201d, continu\u00f3 Icardi.<\/p>\n\n\n\n<p>Por \u00faltimo, lanz\u00f3 una frase que hizo emocionar a la China. \u201cY obviamente quiero&nbsp;<strong>estar toda mi vida a su lado\u201d.<\/strong><\/p>\n","protected":false},"excerpt":{"rendered":"<p>La actriz cont\u00f3 por primera vez c\u00f3mo fue el primer acercamiento con el futbolista cuando \u00e9l estaba en pareja con Wanda Nara. La\u00a0China Su\u00e1rezrevel\u00f3 al aire de\u00a0La ma\u00f1ana con Moria&hellip; <\/p>\n","protected":false},"author":8,"featured_media":236272,"comment_status":"closed","ping_status":"open","sticky":false,"template":"","format":"standard","meta":{"footnotes":""},"categories":[19],"tags":[],"class_list":["post-236271","post","type-post","status-publish","format-standard","has-post-thumbnail","hentry","category-espectaculos"],"_links":{"self":[{"href":"https:\/\/corrientesdetarde.com\/index.php\/wp-json\/wp\/v2\/posts\/236271","targetHints":{"allow":["GET"]}}],"collection":[{"href":"https:\/\/corrientesdetarde.com\/index.php\/wp-json\/wp\/v2\/posts"}],"about":[{"href":"https:\/\/corrientesdetarde.com\/index.php\/wp-json\/wp\/v2\/types\/post"}],"author":[{"embeddable":true,"href":"https:\/\/corrientesdetarde.com\/index.php\/wp-json\/wp\/v2\/users\/8"}],"replies":[{"embeddable":true,"href":"https:\/\/corrientesdetarde.com\/index.php\/wp-json\/wp\/v2\/comments?post=236271"}],"version-history":[{"count":1,"href":"https:\/\/corrientesdetarde.com\/index.php\/wp-json\/wp\/v2\/posts\/236271\/revisions"}],"predecessor-version":[{"id":236275,"href":"https:\/\/corrientesdetarde.com\/index.php\/wp-json\/wp\/v2\/posts\/236271\/revisions\/236275"}],"wp:featuredmedia":[{"embeddable":true,"href":"https:\/\/corrientesdetarde.com\/index.php\/wp-json\/wp\/v2\/media\/236272"}],"wp:attachment":[{"href":"https:\/\/corrientesdetarde.com\/index.php\/wp-json\/wp\/v2\/media?parent=236271"}],"wp:term":[{"taxonomy":"category","embeddable":true,"href":"https:\/\/corrientesdetarde.com\/index.php\/wp-json\/wp\/v2\/categories?post=236271"},{"taxonomy":"post_tag","embeddable":true,"href":"https:\/\/corrientesdetarde.com\/index.php\/wp-json\/wp\/v2\/tags?post=236271"}],"curies":[{"name":"wp","href":"https:\/\/api.w.org\/{rel}","templated":true}]}}