{"id":236350,"date":"2025-11-17T22:43:24","date_gmt":"2025-11-18T01:43:24","guid":{"rendered":"https:\/\/corrientesdetarde.com\/?p=236350"},"modified":"2025-11-17T22:43:27","modified_gmt":"2025-11-18T01:43:27","slug":"conducia-de-forma-peligrosa-y-llevaba-bolsitas-con-marihuana","status":"publish","type":"post","link":"https:\/\/corrientesdetarde.com\/index.php\/policiales\/conducia-de-forma-peligrosa-y-llevaba-bolsitas-con-marihuana\/","title":{"rendered":"Conduc\u00eda de forma peligrosa y llevaba bolsitas con marihuana"},"content":{"rendered":"\n<p>Un joven, de 27 a\u00f1os, con antecedentes penales por robos y hurtos, termin\u00f3 demorado en la madrugada de ayer por conducir de forma temeraria e imprudente su motocicleta por calles del barrio Laguna Seca. Tras ser arrestado, la Polic\u00eda descubri\u00f3 adem\u00e1s que llevaba varias bolsitas con cogollos de marihuana.<\/p>\n\n\n\n<p>El procedimiento tuvo lugar alrededor de las 4:25 por calle Omb\u00fa y Medrano, donde personal del GRIM II, demor\u00f3 a Juan Cruz F. a bordo de una motocicleta Honda Tornado de 250 cc., quien circulaba a alta velocidad por avenida Cazadores Correntinos, realizando maniobras peligrosas para su integridad f\u00edsica y la de terceros, adem\u00e1s de no llevar la patente visible, entre otras irregularidades.<\/p>\n\n\n\n<figure class=\"wp-block-image\"><img decoding=\"async\" src=\"https:\/\/www.diarioepoca.com\/content\/bucket\/8\/1459658w380h760c.jpg.webp\" alt=\"\"\/><\/figure>\n\n\n\n<p>El sujeto logr\u00f3 huir de los motorizados policiales por varias cuadras hasta que finalmente pudieron cerrarle el paso. Luego de ser interceptado y reducido, los efectivos descubrieron, mientras le realizaban el cacheo de seguridad, entre sus prendas de vestir, tres bolsitas de nylon conteniendo en su interior cogollos de marihuana, de la que no pudo justificar su procedencia.<\/p>\n\n\n\n<figure class=\"wp-block-image\"><img decoding=\"async\" src=\"https:\/\/www.diarioepoca.com\/content\/bucket\/7\/1459657w380h760c.jpg.webp\" alt=\"\"\/><\/figure>\n\n\n\n<p>Esto, m\u00e1s los antecedentes penales, deriv\u00f3 en que el sujeto fue puesto en custodia policial y trasladado a dependencias de la comisar\u00eda Octava, donde qued\u00f3 a disposici\u00f3n de la Justicia. La motocicleta, por la cual se inici\u00f3 el procedimiento, tambi\u00e9n fue secuestrada hasta que el due\u00f1o pueda acreditar su propiedad.<\/p>\n","protected":false},"excerpt":{"rendered":"<p>Un joven, de 27 a\u00f1os, con antecedentes penales por robos y hurtos, termin\u00f3 demorado en la madrugada de ayer por conducir de forma temeraria e imprudente su motocicleta por calles&hellip; <\/p>\n","protected":false},"author":4,"featured_media":236351,"comment_status":"closed","ping_status":"open","sticky":false,"template":"","format":"standard","meta":{"footnotes":""},"categories":[33],"tags":[],"class_list":["post-236350","post","type-post","status-publish","format-standard","has-post-thumbnail","hentry","category-policiales"],"_links":{"self":[{"href":"https:\/\/corrientesdetarde.com\/index.php\/wp-json\/wp\/v2\/posts\/236350","targetHints":{"allow":["GET"]}}],"collection":[{"href":"https:\/\/corrientesdetarde.com\/index.php\/wp-json\/wp\/v2\/posts"}],"about":[{"href":"https:\/\/corrientesdetarde.com\/index.php\/wp-json\/wp\/v2\/types\/post"}],"author":[{"embeddable":true,"href":"https:\/\/corrientesdetarde.com\/index.php\/wp-json\/wp\/v2\/users\/4"}],"replies":[{"embeddable":true,"href":"https:\/\/corrientesdetarde.com\/index.php\/wp-json\/wp\/v2\/comments?post=236350"}],"version-history":[{"count":1,"href":"https:\/\/corrientesdetarde.com\/index.php\/wp-json\/wp\/v2\/posts\/236350\/revisions"}],"predecessor-version":[{"id":236352,"href":"https:\/\/corrientesdetarde.com\/index.php\/wp-json\/wp\/v2\/posts\/236350\/revisions\/236352"}],"wp:featuredmedia":[{"embeddable":true,"href":"https:\/\/corrientesdetarde.com\/index.php\/wp-json\/wp\/v2\/media\/236351"}],"wp:attachment":[{"href":"https:\/\/corrientesdetarde.com\/index.php\/wp-json\/wp\/v2\/media?parent=236350"}],"wp:term":[{"taxonomy":"category","embeddable":true,"href":"https:\/\/corrientesdetarde.com\/index.php\/wp-json\/wp\/v2\/categories?post=236350"},{"taxonomy":"post_tag","embeddable":true,"href":"https:\/\/corrientesdetarde.com\/index.php\/wp-json\/wp\/v2\/tags?post=236350"}],"curies":[{"name":"wp","href":"https:\/\/api.w.org\/{rel}","templated":true}]}}