{"id":236353,"date":"2025-11-17T22:49:43","date_gmt":"2025-11-18T01:49:43","guid":{"rendered":"https:\/\/corrientesdetarde.com\/?p=236353"},"modified":"2025-11-17T22:53:58","modified_gmt":"2025-11-18T01:53:58","slug":"bomberos-de-la-policia-realizaron-el-acto-por-los-89-anos-de-vida","status":"publish","type":"post","link":"https:\/\/corrientesdetarde.com\/index.php\/policiales\/bomberos-de-la-policia-realizaron-el-acto-por-los-89-anos-de-vida\/","title":{"rendered":"Bomberos de la Polic\u00eda realizaron el acto por los 89 a\u00f1os de vida"},"content":{"rendered":"\n<p>El pasado viernes se hizo la celebraci\u00f3n. La jornada conmemorativa incluy\u00f3 un emotivo acto recordatorio en honor a los bomberos polic\u00edas fallecidos en el cumplimiento de su deber. El homenaje se llev\u00f3 a cabo en la cruz mayor del Cementerio San Juan Bautista.<\/p>\n\n\n\n<p>La Direcci\u00f3n General de Lucha Contra el Fuego de la Polic\u00eda de Corrientes celebr\u00f3 sus 89 a\u00f1os de vida institucional el pasado viernes 14, conmemorando casi nueve d\u00e9cadas de arduo trabajo y dedicaci\u00f3n en la prevenci\u00f3n y combate de siniestros en toda la provincia.<\/p>\n\n\n\n<p>La fecha fundacional se remonta al 14 de noviembre de 1936, d\u00eda en que los servicios de lucha contra los incendios fueron incorporados oficialmente a la \u00f3rbita de la Seguridad P\u00fablica, por impulso de la Jefatura de la Polic\u00eda de Corrientes. Desde entonces, el Cuerpo de Bomberos Policiales ha sido un pilar fundamental en la protecci\u00f3n de la vida y los bienes de los correntinos.<\/p>\n\n\n\n<p>En el marco de este aniversario, las autoridades de la cartera de seguridad y de la c\u00fapula policial expresaron su reconocimiento a la labor diaria del personal. La instituci\u00f3n envi\u00f3 un &#8220;especial saludo y reconocimiento por la labor que desempe\u00f1a el personal de la Direcci\u00f3n General de Lucha contra el Fuego&#8221;, por parte del doctor Alfredo Vallejos, ministro de Seguridad; Osvaldo de los Santos Garc\u00eda (R), subsecretario de Seguridad; comisario general Miguel \u00c1ngel Leguizam\u00f3n; jefe de la Polic\u00eda, comisario general Walter Dar\u00edo Aceval; Subjefe de la Polic\u00eda, directores Generales e integrantes del estado mayor policial.<\/p>\n\n\n\n<h2 class=\"wp-block-heading\">Emotivo homenaje a los ca\u00eddos<\/h2>\n\n\n\n<p>La jornada conmemorativa incluy\u00f3 un emotivo acto recordatorio en honor a los bomberos polic\u00edas fallecidos en el cumplimiento de su deber. El homenaje se realiz\u00f3 en la cruz mayor del Cementerio San Juan Bautista. Estuvieron presentes autoridades, integrantes del estado mayor policial, personal de la Direcci\u00f3n General de Lucha contra el Fuego en actividad y retiro, y familiares de los ca\u00eddos. El acto sirvi\u00f3 para reafirmar el compromiso de la instituci\u00f3n y recordar el sacrificio de quienes dedicaron su vida a la protecci\u00f3n civil.<\/p>\n","protected":false},"excerpt":{"rendered":"<p>El pasado viernes se hizo la celebraci\u00f3n. La jornada conmemorativa incluy\u00f3 un emotivo acto recordatorio en honor a los bomberos polic\u00edas fallecidos en el cumplimiento de su deber. El homenaje&hellip; <\/p>\n","protected":false},"author":4,"featured_media":236355,"comment_status":"closed","ping_status":"open","sticky":false,"template":"","format":"standard","meta":{"footnotes":""},"categories":[33],"tags":[],"class_list":["post-236353","post","type-post","status-publish","format-standard","has-post-thumbnail","hentry","category-policiales"],"_links":{"self":[{"href":"https:\/\/corrientesdetarde.com\/index.php\/wp-json\/wp\/v2\/posts\/236353","targetHints":{"allow":["GET"]}}],"collection":[{"href":"https:\/\/corrientesdetarde.com\/index.php\/wp-json\/wp\/v2\/posts"}],"about":[{"href":"https:\/\/corrientesdetarde.com\/index.php\/wp-json\/wp\/v2\/types\/post"}],"author":[{"embeddable":true,"href":"https:\/\/corrientesdetarde.com\/index.php\/wp-json\/wp\/v2\/users\/4"}],"replies":[{"embeddable":true,"href":"https:\/\/corrientesdetarde.com\/index.php\/wp-json\/wp\/v2\/comments?post=236353"}],"version-history":[{"count":1,"href":"https:\/\/corrientesdetarde.com\/index.php\/wp-json\/wp\/v2\/posts\/236353\/revisions"}],"predecessor-version":[{"id":236354,"href":"https:\/\/corrientesdetarde.com\/index.php\/wp-json\/wp\/v2\/posts\/236353\/revisions\/236354"}],"wp:featuredmedia":[{"embeddable":true,"href":"https:\/\/corrientesdetarde.com\/index.php\/wp-json\/wp\/v2\/media\/236355"}],"wp:attachment":[{"href":"https:\/\/corrientesdetarde.com\/index.php\/wp-json\/wp\/v2\/media?parent=236353"}],"wp:term":[{"taxonomy":"category","embeddable":true,"href":"https:\/\/corrientesdetarde.com\/index.php\/wp-json\/wp\/v2\/categories?post=236353"},{"taxonomy":"post_tag","embeddable":true,"href":"https:\/\/corrientesdetarde.com\/index.php\/wp-json\/wp\/v2\/tags?post=236353"}],"curies":[{"name":"wp","href":"https:\/\/api.w.org\/{rel}","templated":true}]}}