{"id":236358,"date":"2025-11-18T08:41:16","date_gmt":"2025-11-18T11:41:16","guid":{"rendered":"https:\/\/corrientesdetarde.com\/?p=236358"},"modified":"2025-11-18T08:41:17","modified_gmt":"2025-11-18T11:41:17","slug":"que-dijo-rivas-piasentini-sobre-un-aumento-y-bono-navideno-para-estatales-correntinos","status":"publish","type":"post","link":"https:\/\/corrientesdetarde.com\/index.php\/actualidad\/que-dijo-rivas-piasentini-sobre-un-aumento-y-bono-navideno-para-estatales-correntinos\/","title":{"rendered":"Qu\u00e9 dijo Rivas Piasentini sobre un aumento y bono navide\u00f1o para estatales correntinos"},"content":{"rendered":"\n<p>El&nbsp;<strong>ministro de Hacienda y Finanzas&nbsp;<\/strong>de Corrientes,&nbsp;<strong>Marcelo Rivas<\/strong>&nbsp;<strong>Piasentini<\/strong>, confirm\u00f3 este martes en una entrevista con Canal 5TV que la provincia analiza otorgar un&nbsp;<strong>bono de fin de a\u00f1o&nbsp;<\/strong>para los empleados estatales, adem\u00e1s de la tradicional canasta navide\u00f1a. Sin embargo, remarc\u00f3 que no est\u00e1n dadas las condiciones para anunciar un aumento salarial en el corto plazo.<\/p>\n\n\n\n<p>Consultado sobre un eventual&nbsp;<strong>incremento salarial<\/strong>&nbsp;para los trabajadores estatales de Corrientes, Piasentini fue categ\u00f3rico: \u201cLo venimos viendo de manera permanente, pero&nbsp;<strong>por el momento no est\u00e1n dadas las condiciones<\/strong>. Los recursos de coparticipaci\u00f3n, que son la fuente principal de recursos de la Provincia, no crecen. Cada vez que avanzamos con una correcci\u00f3n de pol\u00edticas salariales hablamos de muchos millones de pesos con un impacto presupuestario alt\u00edsimo. Hasta este momento no est\u00e1n dadas las condiciones\u201d.<\/p>\n\n\n\n<p>Sin embargo, aclar\u00f3 que la mejora de haberes contin\u00faa siendo un eje central del Gobierno provincial. \u201cCuando el escenario acompa\u00f1e, el aumento estar\u00e1 en carpeta y primero en la lista\u201d, afirm\u00f3.<\/p>\n\n\n\n<h2 class=\"wp-block-heading\">Canasta navide\u00f1a y posible bono de fin de a\u00f1o<\/h2>\n\n\n\n<p>El Gobierno provincial&nbsp;trabaja con cadenas locales de supermercados para garantizar una&nbsp;<strong>canasta navide\u00f1a<\/strong>&nbsp;accesible. \u201cSiempre han acompa\u00f1ado; estamos viendo si hay un punto de acuerdo\u201d, indic\u00f3 el ministro.<\/p>\n\n\n\n<p>Sobre el bono extraordinario de fin de a\u00f1o, Piasentini se\u00f1al\u00f3 que Hacienda est\u00e1 evaluando su viabilidad, aunque a\u00fan no hay una confirmaci\u00f3n oficial. \u201cEstamos trabajando\u201d, se limit\u00f3 a decir.<\/p>\n\n\n\n<h2 class=\"wp-block-heading\">Presupuesto 2026: sin se\u00f1ales de reactivaci\u00f3n econ\u00f3mica<\/h2>\n\n\n\n<p>Piasentini detall\u00f3 que el Presupuesto Provincial 2026 fue elaborado siguiendo las pautas macrofiscales enviadas por Naci\u00f3n, marcadas por un escenario similar al de este a\u00f1o:<br>\u201cNos encontramos con un presupuesto sin indicadores que permitan suponer un crecimiento econ\u00f3mico importante en las econom\u00edas regionales\u201d.<\/p>\n\n\n\n<p>El funcionario insisti\u00f3 en que el equilibrio fiscal seguir\u00e1 siendo el pilar de la administraci\u00f3n: \u201cNos permiti\u00f3 sostener obras con recursos propios y la recuperaci\u00f3n salarial. Sin equilibrio, eso ser\u00eda imposible\u201d.<\/p>\n\n\n\n<h2 class=\"wp-block-heading\">Obras estrat\u00e9gicas y trabas nacionales<\/h2>\n\n\n\n<p>El ministro destac\u00f3 la finalizaci\u00f3n del puerto de Ituzaing\u00f3, al que calific\u00f3 como una herramienta clave para mejorar la competitividad provincial. Sin embargo, advirti\u00f3 que persisten impedimentos nacionales vinculados a habilitaciones y marcos regulatorios.<\/p>\n\n\n\n<h2 class=\"wp-block-heading\">Educaci\u00f3n: \u201cNo vamos a ajustar ah\u00ed\u201d<\/h2>\n\n\n\n<p>Piasentini cuestion\u00f3 los recortes previstos en el presupuesto educativo nacional:<\/p>\n\n\n\n<blockquote class=\"wp-block-quote is-layout-flow wp-block-quote-is-layout-flow\">\n<p>\u201cNo entendemos que el ajuste pase por la educaci\u00f3n. La educaci\u00f3n no se financia recortando. En Corrientes no lo hacemos y est\u00e1 reflejado en nuestro presupuesto\u201d, dijo.<\/p>\n<\/blockquote>\n\n\n\n<h2 class=\"wp-block-heading\">Programas sociales garantizados y refuerzos de fin de a\u00f1o<\/h2>\n\n\n\n<p>Adem\u00e1s, el ministro neg\u00f3 cualquier recorte en pol\u00edticas sociales. \u201cNo hubo recortes. Las pol\u00edticas sociales son muy amplias y se sostienen. Cada \u00faltimo trimestre reforzamos partidas por su sensibilidad en provincias del norte\u201d, afirm\u00f3 a Canal 5TV.<\/p>\n\n\n\n<h2 class=\"wp-block-heading\">Transici\u00f3n con Juan Pablo Vald\u00e9s: continuidad y di\u00e1logo<\/h2>\n\n\n\n<p>De cara al cambio de gesti\u00f3n, Piasentini asegur\u00f3 una transici\u00f3n ordenada con el gobernador electo, Juan Pablo Vald\u00e9s: \u201cHabl\u00e9 varias veces con \u00e9l. Hay continuidad de gesti\u00f3n y los lineamientos principales se mantienen. \u00c9l dar\u00e1 su impronta, pero la base est\u00e1 trabajada\u201d.<\/p>\n","protected":false},"excerpt":{"rendered":"<p>El&nbsp;ministro de Hacienda y Finanzas&nbsp;de Corrientes,&nbsp;Marcelo Rivas&nbsp;Piasentini, confirm\u00f3 este martes en una entrevista con Canal 5TV que la provincia analiza otorgar un&nbsp;bono de fin de a\u00f1o&nbsp;para los empleados estatales, adem\u00e1s&hellip; <\/p>\n","protected":false},"author":1,"featured_media":236360,"comment_status":"closed","ping_status":"open","sticky":false,"template":"","format":"standard","meta":{"footnotes":""},"categories":[23],"tags":[],"class_list":["post-236358","post","type-post","status-publish","format-standard","has-post-thumbnail","hentry","category-actualidad"],"_links":{"self":[{"href":"https:\/\/corrientesdetarde.com\/index.php\/wp-json\/wp\/v2\/posts\/236358","targetHints":{"allow":["GET"]}}],"collection":[{"href":"https:\/\/corrientesdetarde.com\/index.php\/wp-json\/wp\/v2\/posts"}],"about":[{"href":"https:\/\/corrientesdetarde.com\/index.php\/wp-json\/wp\/v2\/types\/post"}],"author":[{"embeddable":true,"href":"https:\/\/corrientesdetarde.com\/index.php\/wp-json\/wp\/v2\/users\/1"}],"replies":[{"embeddable":true,"href":"https:\/\/corrientesdetarde.com\/index.php\/wp-json\/wp\/v2\/comments?post=236358"}],"version-history":[{"count":1,"href":"https:\/\/corrientesdetarde.com\/index.php\/wp-json\/wp\/v2\/posts\/236358\/revisions"}],"predecessor-version":[{"id":236361,"href":"https:\/\/corrientesdetarde.com\/index.php\/wp-json\/wp\/v2\/posts\/236358\/revisions\/236361"}],"wp:featuredmedia":[{"embeddable":true,"href":"https:\/\/corrientesdetarde.com\/index.php\/wp-json\/wp\/v2\/media\/236360"}],"wp:attachment":[{"href":"https:\/\/corrientesdetarde.com\/index.php\/wp-json\/wp\/v2\/media?parent=236358"}],"wp:term":[{"taxonomy":"category","embeddable":true,"href":"https:\/\/corrientesdetarde.com\/index.php\/wp-json\/wp\/v2\/categories?post=236358"},{"taxonomy":"post_tag","embeddable":true,"href":"https:\/\/corrientesdetarde.com\/index.php\/wp-json\/wp\/v2\/tags?post=236358"}],"curies":[{"name":"wp","href":"https:\/\/api.w.org\/{rel}","templated":true}]}}