{"id":236422,"date":"2025-11-18T19:41:42","date_gmt":"2025-11-18T22:41:42","guid":{"rendered":"https:\/\/corrientesdetarde.com\/?p=236422"},"modified":"2025-11-18T19:41:54","modified_gmt":"2025-11-18T22:41:54","slug":"la-obra-marica-de-pepe-cibrian-campoy-suspendida","status":"publish","type":"post","link":"https:\/\/corrientesdetarde.com\/index.php\/cultura\/la-obra-marica-de-pepe-cibrian-campoy-suspendida\/","title":{"rendered":"La obra &#8220;Marica&#8221; de Pepe Cibrian Campoy suspendida"},"content":{"rendered":"\n<p>Desde el Teatro Oficial Juan de Vera se comunica que la funci\u00f3n de &#8220;Marica&#8221; de Pepe Cibrian Campoy, prevista para este viernes 21 de noviembre, se suspende hasta nuevo aviso. La suspensi\u00f3n de la fecha, de com\u00fan acuerdo entre el Teatro Vera y el artista, obedece a razones de agenda.<\/p>\n\n\n\n<p>El Teatro Oficial Juan de Vera, en forma conjunta con Pepe Cibrian Campoy, comunican la suspensi\u00f3n del unipersonal &#8220;Marica&#8221;, previsto para este viernes 21 de noviembre en el coliseo correntino. La suspensi\u00f3n de la obra obedece a razones de agenda de Cibri\u00e1n Campoy, que este a\u00f1o se encuentra abocado a la pre producci\u00f3n de &#8220;Dr\u00e1cula Resurrecci\u00f3n&#8221;, que en 2026 se estrenar\u00e1 en Buenos Aires, adem\u00e1s de la producci\u00f3n de una comedia junto a Georgina Barbarrosa y su participaci\u00f3n en una serie argentina producida por una de las plataformas m\u00e1s importantes de streaming a nivel Latinoam\u00e9rica.<\/p>\n\n\n\n<p>Para la temporada 2026 del Teatro Oficial Juan de Vera se prev\u00e9 el regreso de Pepe Cibrian Campoy con las obras de su autor\u00eda, dado su relevancia como dramaturgo, director y actor y el contacto ya establecido con la comunidad de las artes esc\u00e9nicas de Corrientes a trav\u00e9s de la Masterclass que brindara este a\u00f1o, adem\u00e1s de la puesta en escena de Cal\u00edgula en el mes de julio, en sinton\u00eda con la reapertura y vuelta a la programaci\u00f3n de funciones en el Teatro Oficial Juan de Vera.<\/p>\n\n\n\n<p>Las personas que hayan adquirido entradas para &#8220;Marica&#8221; podr\u00e1n solicitar el reembolso de las mismas mediante el env\u00edo de un correo a la cuenta&nbsp;<a href=\"mailto:boleter%C3%ADa@teatrovera.com\" target=\"_blank\" rel=\"noreferrer noopener\">boleter\u00eda@teatrovera.com<\/a><\/p>\n\n\n\n<p><strong>+ Info<\/strong><\/p>\n\n\n\n<p>Instagram | @teatroofciialjuandevera<\/p>\n","protected":false},"excerpt":{"rendered":"<p>Desde el Teatro Oficial Juan de Vera se comunica que la funci\u00f3n de &#8220;Marica&#8221; de Pepe Cibrian Campoy, prevista para este viernes 21 de noviembre, se suspende hasta nuevo aviso.&hellip; <\/p>\n","protected":false},"author":4,"featured_media":236423,"comment_status":"closed","ping_status":"open","sticky":false,"template":"","format":"standard","meta":{"footnotes":""},"categories":[15],"tags":[],"class_list":["post-236422","post","type-post","status-publish","format-standard","has-post-thumbnail","hentry","category-cultura"],"_links":{"self":[{"href":"https:\/\/corrientesdetarde.com\/index.php\/wp-json\/wp\/v2\/posts\/236422","targetHints":{"allow":["GET"]}}],"collection":[{"href":"https:\/\/corrientesdetarde.com\/index.php\/wp-json\/wp\/v2\/posts"}],"about":[{"href":"https:\/\/corrientesdetarde.com\/index.php\/wp-json\/wp\/v2\/types\/post"}],"author":[{"embeddable":true,"href":"https:\/\/corrientesdetarde.com\/index.php\/wp-json\/wp\/v2\/users\/4"}],"replies":[{"embeddable":true,"href":"https:\/\/corrientesdetarde.com\/index.php\/wp-json\/wp\/v2\/comments?post=236422"}],"version-history":[{"count":1,"href":"https:\/\/corrientesdetarde.com\/index.php\/wp-json\/wp\/v2\/posts\/236422\/revisions"}],"predecessor-version":[{"id":236424,"href":"https:\/\/corrientesdetarde.com\/index.php\/wp-json\/wp\/v2\/posts\/236422\/revisions\/236424"}],"wp:featuredmedia":[{"embeddable":true,"href":"https:\/\/corrientesdetarde.com\/index.php\/wp-json\/wp\/v2\/media\/236423"}],"wp:attachment":[{"href":"https:\/\/corrientesdetarde.com\/index.php\/wp-json\/wp\/v2\/media?parent=236422"}],"wp:term":[{"taxonomy":"category","embeddable":true,"href":"https:\/\/corrientesdetarde.com\/index.php\/wp-json\/wp\/v2\/categories?post=236422"},{"taxonomy":"post_tag","embeddable":true,"href":"https:\/\/corrientesdetarde.com\/index.php\/wp-json\/wp\/v2\/tags?post=236422"}],"curies":[{"name":"wp","href":"https:\/\/api.w.org\/{rel}","templated":true}]}}