{"id":236505,"date":"2025-11-19T10:49:56","date_gmt":"2025-11-19T13:49:56","guid":{"rendered":"https:\/\/corrientesdetarde.com\/?p=236505"},"modified":"2025-11-19T10:50:08","modified_gmt":"2025-11-19T13:50:08","slug":"cual-es-el-horario-del-acto-en-el-que-asumira-juan-pablo-valdes","status":"publish","type":"post","link":"https:\/\/corrientesdetarde.com\/index.php\/eventos\/cual-es-el-horario-del-acto-en-el-que-asumira-juan-pablo-valdes\/","title":{"rendered":"\u00bfCu\u00e1l es el horario del acto en el que asumir\u00e1 Juan Pablo Vald\u00e9s?"},"content":{"rendered":"\n<p>Los electos Gobernador y Vice de la Provincia, Juan Pablo Vald\u00e9s y Pedro Braillard Poccard, asumir\u00e1n sus funciones en un acto formal que se desarrollar\u00e1 en la Legislatura Provincial el pr\u00f3ximo mi\u00e9rcoles 10 de diciembre desde las 18.30 horas. As\u00ed lo adelant\u00f3 Ra\u00fal Acevedo. Luego de lo programado en el palacio legislativo se prev\u00e9 la continuidad del acto constitucional de la jura de ministros en Casa de Gobierno.<\/p>\n\n\n\n<p><\/p>\n","protected":false},"excerpt":{"rendered":"<p>Los electos Gobernador y Vice de la Provincia, Juan Pablo Vald\u00e9s y Pedro Braillard Poccard, asumir\u00e1n sus funciones en un acto formal que se desarrollar\u00e1 en la Legislatura Provincial el&hellip; <\/p>\n","protected":false},"author":1,"featured_media":236511,"comment_status":"closed","ping_status":"open","sticky":false,"template":"","format":"standard","meta":{"footnotes":""},"categories":[22],"tags":[],"class_list":["post-236505","post","type-post","status-publish","format-standard","has-post-thumbnail","hentry","category-eventos"],"_links":{"self":[{"href":"https:\/\/corrientesdetarde.com\/index.php\/wp-json\/wp\/v2\/posts\/236505","targetHints":{"allow":["GET"]}}],"collection":[{"href":"https:\/\/corrientesdetarde.com\/index.php\/wp-json\/wp\/v2\/posts"}],"about":[{"href":"https:\/\/corrientesdetarde.com\/index.php\/wp-json\/wp\/v2\/types\/post"}],"author":[{"embeddable":true,"href":"https:\/\/corrientesdetarde.com\/index.php\/wp-json\/wp\/v2\/users\/1"}],"replies":[{"embeddable":true,"href":"https:\/\/corrientesdetarde.com\/index.php\/wp-json\/wp\/v2\/comments?post=236505"}],"version-history":[{"count":1,"href":"https:\/\/corrientesdetarde.com\/index.php\/wp-json\/wp\/v2\/posts\/236505\/revisions"}],"predecessor-version":[{"id":236512,"href":"https:\/\/corrientesdetarde.com\/index.php\/wp-json\/wp\/v2\/posts\/236505\/revisions\/236512"}],"wp:featuredmedia":[{"embeddable":true,"href":"https:\/\/corrientesdetarde.com\/index.php\/wp-json\/wp\/v2\/media\/236511"}],"wp:attachment":[{"href":"https:\/\/corrientesdetarde.com\/index.php\/wp-json\/wp\/v2\/media?parent=236505"}],"wp:term":[{"taxonomy":"category","embeddable":true,"href":"https:\/\/corrientesdetarde.com\/index.php\/wp-json\/wp\/v2\/categories?post=236505"},{"taxonomy":"post_tag","embeddable":true,"href":"https:\/\/corrientesdetarde.com\/index.php\/wp-json\/wp\/v2\/tags?post=236505"}],"curies":[{"name":"wp","href":"https:\/\/api.w.org\/{rel}","templated":true}]}}