{"id":236516,"date":"2025-11-19T13:15:20","date_gmt":"2025-11-19T16:15:20","guid":{"rendered":"https:\/\/corrientesdetarde.com\/?p=236516"},"modified":"2025-11-19T13:15:55","modified_gmt":"2025-11-19T16:15:55","slug":"diversion-responsablesiempre","status":"publish","type":"post","link":"https:\/\/corrientesdetarde.com\/index.php\/sociales\/diversion-responsablesiempre\/","title":{"rendered":"Diversi\u00f3n responsable\u2026siempre"},"content":{"rendered":"\n<p>El Ministerio de Desarrollo Social,&nbsp;en conjunto con la Direcci\u00f3n de Juventud, realizar\u00e1&nbsp;una nueva jornada de prevenci\u00f3n y concientizaci\u00f3n sobre el juego responsable.<\/p>\n\n\n\n<p>El evento ser\u00e1 este&nbsp; jueves 20 de noviembre, a las 17, en la&nbsp;<strong>playa Arazaty<\/strong>. La actividad tiene como objetivo permitir a los j\u00f3venes&nbsp;<strong>vivir un verano saludable<\/strong>&nbsp;a trav\u00e9s de propuestas vinculadas con&nbsp;<strong>juegos, deportes, salud mental y diversidad<\/strong>, promoviendo espacios de encuentro y reflexi\u00f3n para los j\u00f3venes.<\/p>\n\n\n\n<p>Durante la jornada, especialistas brindar\u00e1n asesoramiento y orientaci\u00f3n sobre la tem\u00e1tica. Adem\u00e1s, habr\u00e1 charlas informativas, stands con material de difusi\u00f3n y actividades recreativas.<\/p>\n\n\n\n<p>La jornada es organizada por la Direcci\u00f3n de Juventud dependiente del Ministerio de Desarrollo Social y cuenta con la participaci\u00f3n del Ministerio de Salud P\u00fablica de Corrientes, Universidad Nacional del Nordeste, &nbsp;AICOP, &nbsp;Direcci\u00f3n de Diversidad y G\u00e9nero, Loter\u00eda Correntina.<\/p>\n\n\n\n<p>En declaraciones&nbsp; la directora de Juventud de la Provincia, Clara&nbsp;Gortari, dijo: \u201ctenemos que seguir concientizando a los j\u00f3venes no s\u00f3lo sobre el juego responsable y costumbres saludables, sino tambi\u00e9n sobre la importancia de cuidar su salud mental con una vida equilibrada&#8221;.<\/p>\n\n\n\n<p>Cabe mencionar que desde dicha&nbsp;Direcci\u00f3n se trabaja d\u00eda a d\u00eda para ofrecer espacios de contenci\u00f3n, escucha y prevenci\u00f3n, donde los j\u00f3venes &nbsp;puedan sentirse acompa\u00f1ados y construir h\u00e1bitos positivos para su futuro\u201d.<\/p>\n\n\n\n<figure class=\"wp-block-image size-large\"><img loading=\"lazy\" decoding=\"async\" width=\"576\" height=\"1024\" src=\"https:\/\/corrientesdetarde.com\/wp-content\/uploads\/2025\/11\/image-556-576x1024.png\" alt=\"\" class=\"wp-image-236518\" srcset=\"https:\/\/corrientesdetarde.com\/wp-content\/uploads\/2025\/11\/image-556-576x1024.png 576w, https:\/\/corrientesdetarde.com\/wp-content\/uploads\/2025\/11\/image-556-169x300.png 169w, https:\/\/corrientesdetarde.com\/wp-content\/uploads\/2025\/11\/image-556-768x1365.png 768w, https:\/\/corrientesdetarde.com\/wp-content\/uploads\/2025\/11\/image-556-864x1536.png 864w, https:\/\/corrientesdetarde.com\/wp-content\/uploads\/2025\/11\/image-556.png 900w\" sizes=\"auto, (max-width: 576px) 100vw, 576px\" \/><\/figure>\n","protected":false},"excerpt":{"rendered":"<p>El Ministerio de Desarrollo Social,&nbsp;en conjunto con la Direcci\u00f3n de Juventud, realizar\u00e1&nbsp;una nueva jornada de prevenci\u00f3n y concientizaci\u00f3n sobre el juego responsable. El evento ser\u00e1 este&nbsp; jueves 20 de noviembre,&hellip; <\/p>\n","protected":false},"author":8,"featured_media":236517,"comment_status":"closed","ping_status":"open","sticky":false,"template":"","format":"standard","meta":{"footnotes":""},"categories":[17],"tags":[],"class_list":["post-236516","post","type-post","status-publish","format-standard","has-post-thumbnail","hentry","category-sociales"],"_links":{"self":[{"href":"https:\/\/corrientesdetarde.com\/index.php\/wp-json\/wp\/v2\/posts\/236516","targetHints":{"allow":["GET"]}}],"collection":[{"href":"https:\/\/corrientesdetarde.com\/index.php\/wp-json\/wp\/v2\/posts"}],"about":[{"href":"https:\/\/corrientesdetarde.com\/index.php\/wp-json\/wp\/v2\/types\/post"}],"author":[{"embeddable":true,"href":"https:\/\/corrientesdetarde.com\/index.php\/wp-json\/wp\/v2\/users\/8"}],"replies":[{"embeddable":true,"href":"https:\/\/corrientesdetarde.com\/index.php\/wp-json\/wp\/v2\/comments?post=236516"}],"version-history":[{"count":1,"href":"https:\/\/corrientesdetarde.com\/index.php\/wp-json\/wp\/v2\/posts\/236516\/revisions"}],"predecessor-version":[{"id":236519,"href":"https:\/\/corrientesdetarde.com\/index.php\/wp-json\/wp\/v2\/posts\/236516\/revisions\/236519"}],"wp:featuredmedia":[{"embeddable":true,"href":"https:\/\/corrientesdetarde.com\/index.php\/wp-json\/wp\/v2\/media\/236517"}],"wp:attachment":[{"href":"https:\/\/corrientesdetarde.com\/index.php\/wp-json\/wp\/v2\/media?parent=236516"}],"wp:term":[{"taxonomy":"category","embeddable":true,"href":"https:\/\/corrientesdetarde.com\/index.php\/wp-json\/wp\/v2\/categories?post=236516"},{"taxonomy":"post_tag","embeddable":true,"href":"https:\/\/corrientesdetarde.com\/index.php\/wp-json\/wp\/v2\/tags?post=236516"}],"curies":[{"name":"wp","href":"https:\/\/api.w.org\/{rel}","templated":true}]}}