{"id":236520,"date":"2025-11-19T13:19:44","date_gmt":"2025-11-19T16:19:44","guid":{"rendered":"https:\/\/corrientesdetarde.com\/?p=236520"},"modified":"2025-11-19T13:19:56","modified_gmt":"2025-11-19T16:19:56","slug":"andrea-bocelli-fue-condecorado-por-javier-milei-y-dio-un-breve-show-musical-en-la-casa-rosada","status":"publish","type":"post","link":"https:\/\/corrientesdetarde.com\/index.php\/actualidad\/andrea-bocelli-fue-condecorado-por-javier-milei-y-dio-un-breve-show-musical-en-la-casa-rosada\/","title":{"rendered":"Andrea Bocelli fue condecorado por Javier Milei y dio un breve show musical en la Casa Rosada"},"content":{"rendered":"\n<p>El Presidente se encontr\u00f3 con el tenor italiano, que cant\u00f3 en el sal\u00f3n Blanco de la Casa de Gobierno. El artista recibi\u00f3 la \u201cCondecoraci\u00f3n de la Orden de Mayo\u201d.<\/p>\n\n\n\n<p>El presidente\u00a0<strong>Javier Milei<\/strong>\u00a0recibi\u00f3 en la Casa Rosada a\u00a0<strong>Andrea Bocelli,\u00a0<\/strong>que fue condecorado con la \u201cCondecoraci\u00f3n de la Orden de Mayo\u201d, y que dio\u00a0<strong>un breve show musical,<\/strong>\u00a0durante su paso por la Argentina por una serie de presentaciones.<\/p>\n\n\n\n<p>El Presidente se reuni\u00f3 con el&nbsp;<strong>tenor italiano,<\/strong>&nbsp;que cant\u00f3 canciones en el sal\u00f3n Blanco de la Casa de Gobierno, en un evento con la participaci\u00f3n del gabinete.<\/p>\n\n\n\n<p>La locutora del acto explic\u00f3 que la Orden de Mayo \u201csimboliza el&nbsp;<strong>reconocimiento de la Argentina<\/strong>&nbsp;a quienes por sus&nbsp;<strong>m\u00e9ritos&nbsp;<\/strong>se hacen merecedores de una de las m\u00e1s altas distinciones que confiere el pa\u00eds&#8221;.<\/p>\n\n\n\n<h2 class=\"wp-block-heading\">El breve show que Andrea Bocelli brind\u00f3 en Casa Rosada<\/h2>\n\n\n\n<p>El tenor italiano cant\u00f3 en el sal\u00f3n Blanco de la Casa de Gobierno, durante su paso por la Argentina por una serie de presentaciones. (Foto: captura YouTube @OPRArg)<\/p>\n\n\n\n<p>El artista dijo luego de recibir la condecoraci\u00f3n de parte del Presidente: \u201cNunca me imagin\u00e9 que un d\u00eda llegar\u00eda a recibir un&nbsp;<strong>reconocimiento&nbsp;<\/strong>como este. Quiero&nbsp;<strong>agradecerles&nbsp;<\/strong>a todos desde lo profundo de mi coraz\u00f3n. Espero volver pronto\u201d.<\/p>\n\n\n\n<p>Luego se sent\u00f3 frente a un piano e interpret\u00f3 una serie de canciones que inici\u00f3 con el hist\u00f3rico tango \u201cPor una cabeza\u201d, de Carlos Gardel, en el piano, para luego cantar \u201cB\u00e9same mucho\u201d. Concluy\u00f3 escuchando a la orquesta en la interpretaci\u00f3n de la \u201cDonna non vidi mai\u201d, de Luciano Pavarotti.<\/p>\n\n\n\n<p>Asistieron al evento, en primera fila, el jefe de Gabinete,<strong>&nbsp;Manuel Adorni,<\/strong>&nbsp;y su esposa, Bettina Angeletti. Sumados a la secretaria general de la Presidencia,&nbsp;<strong>Karina Milei,<\/strong>&nbsp;y los ministros,&nbsp;<strong>Luis Petri<\/strong>&nbsp;(Defensa),&nbsp;<strong>Mariano C\u00faneo Libarona<\/strong>&nbsp;(Justicia),&nbsp;<strong>Luis Caputo<\/strong>&nbsp;(Econom\u00eda) y&nbsp;<strong>Pablo Quirno<\/strong>&nbsp;(Relaciones Exteriores). Tambi\u00e9n el asesor presidencial,&nbsp;<strong>Santiago Caputo.<\/strong><\/p>\n\n\n\n<figure class=\"wp-block-image size-large\"><img loading=\"lazy\" decoding=\"async\" width=\"1024\" height=\"573\" src=\"https:\/\/corrientesdetarde.com\/wp-content\/uploads\/2025\/11\/image-559-1024x573.png\" alt=\"\" class=\"wp-image-236523\" srcset=\"https:\/\/corrientesdetarde.com\/wp-content\/uploads\/2025\/11\/image-559-1024x573.png 1024w, https:\/\/corrientesdetarde.com\/wp-content\/uploads\/2025\/11\/image-559-300x168.png 300w, https:\/\/corrientesdetarde.com\/wp-content\/uploads\/2025\/11\/image-559-768x430.png 768w, https:\/\/corrientesdetarde.com\/wp-content\/uploads\/2025\/11\/image-559.png 1440w\" sizes=\"auto, (max-width: 1024px) 100vw, 1024px\" \/><\/figure>\n","protected":false},"excerpt":{"rendered":"<p>El Presidente se encontr\u00f3 con el tenor italiano, que cant\u00f3 en el sal\u00f3n Blanco de la Casa de Gobierno. El artista recibi\u00f3 la \u201cCondecoraci\u00f3n de la Orden de Mayo\u201d. El&hellip; <\/p>\n","protected":false},"author":8,"featured_media":236522,"comment_status":"closed","ping_status":"open","sticky":false,"template":"","format":"standard","meta":{"footnotes":""},"categories":[23],"tags":[],"class_list":["post-236520","post","type-post","status-publish","format-standard","has-post-thumbnail","hentry","category-actualidad"],"_links":{"self":[{"href":"https:\/\/corrientesdetarde.com\/index.php\/wp-json\/wp\/v2\/posts\/236520","targetHints":{"allow":["GET"]}}],"collection":[{"href":"https:\/\/corrientesdetarde.com\/index.php\/wp-json\/wp\/v2\/posts"}],"about":[{"href":"https:\/\/corrientesdetarde.com\/index.php\/wp-json\/wp\/v2\/types\/post"}],"author":[{"embeddable":true,"href":"https:\/\/corrientesdetarde.com\/index.php\/wp-json\/wp\/v2\/users\/8"}],"replies":[{"embeddable":true,"href":"https:\/\/corrientesdetarde.com\/index.php\/wp-json\/wp\/v2\/comments?post=236520"}],"version-history":[{"count":1,"href":"https:\/\/corrientesdetarde.com\/index.php\/wp-json\/wp\/v2\/posts\/236520\/revisions"}],"predecessor-version":[{"id":236524,"href":"https:\/\/corrientesdetarde.com\/index.php\/wp-json\/wp\/v2\/posts\/236520\/revisions\/236524"}],"wp:featuredmedia":[{"embeddable":true,"href":"https:\/\/corrientesdetarde.com\/index.php\/wp-json\/wp\/v2\/media\/236522"}],"wp:attachment":[{"href":"https:\/\/corrientesdetarde.com\/index.php\/wp-json\/wp\/v2\/media?parent=236520"}],"wp:term":[{"taxonomy":"category","embeddable":true,"href":"https:\/\/corrientesdetarde.com\/index.php\/wp-json\/wp\/v2\/categories?post=236520"},{"taxonomy":"post_tag","embeddable":true,"href":"https:\/\/corrientesdetarde.com\/index.php\/wp-json\/wp\/v2\/tags?post=236520"}],"curies":[{"name":"wp","href":"https:\/\/api.w.org\/{rel}","templated":true}]}}