{"id":236562,"date":"2025-11-19T16:33:45","date_gmt":"2025-11-19T19:33:45","guid":{"rendered":"https:\/\/corrientesdetarde.com\/?p=236562"},"modified":"2025-11-19T16:33:50","modified_gmt":"2025-11-19T19:33:50","slug":"en-medio-del-alineamiento-con-ee-uu-el-canciller-quirno-se-reunio-por-primera-vez-con-el-embajador-chino","status":"publish","type":"post","link":"https:\/\/corrientesdetarde.com\/index.php\/internacionales\/en-medio-del-alineamiento-con-ee-uu-el-canciller-quirno-se-reunio-por-primera-vez-con-el-embajador-chino\/","title":{"rendered":"En medio del alineamiento con EE.UU., el canciller Quirno se reuni\u00f3 por primera vez con el embajador chino"},"content":{"rendered":"\n<p>El ministro de Relaciones Exteriores mantuvo un encuentro reservado con el diplom\u00e1tico Wang Wei. Los objetivos del encuentro y la posici\u00f3n de la Rosada.<a href=\"https:\/\/tn.com.ar\/autor\/gbanez\/\"><\/a><\/p>\n\n\n\n<p>El canciller argentino,\u00a0<strong>Pablo Quirno<\/strong>, se reuni\u00f3 por primera vez desde que asumi\u00f3 su cargo con el embajador de China,\u00a0<strong>Wang Wei<\/strong>. Se trat\u00f3 de un encuentro que el Gobierno<strong>\u00a0busc\u00f3 mantener en reserva<\/strong>: no hubo foto ni un comunicado oficial.<\/p>\n\n\n\n<p>Fue distinta a la reuni\u00f3n que mantuvo Quirno con&nbsp;<strong>Peter Lamelas<\/strong>, el nuevo embajador de&nbsp;<strong>Estados Unidos&nbsp;<\/strong>semanas atr\u00e1s, cuando el representante estadounidense present\u00f3 las copias de las cartas credenciales seguido de un encuentro con imagen y comunicado. S\u00edntoma de la \u00e9poca.<\/p>\n\n\n\n<p>La visita del representante chino al Palacio San Mart\u00edn se da en un contexto en el que EE.UU. presiona por distintas v\u00edas para que la Argentina&nbsp;<strong>corte parte de los lazos<\/strong>&nbsp;con el gigante asi\u00e1tico. Lo han dicho en p\u00fablico los funcionarios -como Scott Bessent-, como as\u00ed tambi\u00e9n en conversaciones en privado.<\/p>\n\n\n\n<figure class=\"wp-block-image\"><img decoding=\"async\" src=\"https:\/\/tn.com.ar\/resizer\/v2\/wang-wei-el-embajador-de-china-en-la-argentina-mantiene-fluidos-vinculos-pese-a-la-presion-de-washington-a-la-casa-rosada-foto-embajada-de-china-en-la-argentina-P2SNJIV45VCZ7N66RCMHLRBC6I.jpg?auth=55fe77ef98a0d8b9ab830a184e3fd036caa33fab7c4d30a0de7cc30a9c539630&amp;width=767\" alt=\"Wang Wei, el embajador de China en la Argentina, mantiene fluidos v\u00ednculos pese a la presi\u00f3n de Washington a la Casa Rosada. (Foto: Embajada de China en la Argentina)\"\/><\/figure>\n\n\n\n<p>De hecho, el propio embajador Lamelas hab\u00eda dicho durante su postulaci\u00f3n en el Senado norteamericano que su objetivo ser\u00eda romper ese v\u00ednculo bilateral tambi\u00e9n con las provincias, lo que gener\u00f3 un repudio de las autoridades chinas.<\/p>\n\n\n\n<p>La reuni\u00f3n con Wei tambi\u00e9n responde a&nbsp;<strong>los buenos lazos diplom\u00e1ticos que la Casa Rosada busca mantener con China<\/strong>. Esto es algo que se vio en el \u00faltimo a\u00f1o: pese a las cr\u00edticas de Javier Milei a Xi Jinping o la alineaci\u00f3n del gobierno con Washington, los di\u00e1logos y las conversaciones con Beijing se mantienen de forma fluida, tanto a nivel pol\u00edtico como econ\u00f3mico y comercial.<\/p>\n\n\n\n<p>El encuentro entre el canciller y el embajador fue confirmado<strong>\u00a0<\/strong>por distintas fuentes diplom\u00e1ticas, aunque al ser consultado desde la Canciller\u00eda Argentina esgrimieron que\u00a0<strong>no ten\u00edan comentarios para realizar al respecto.<\/strong><\/p>\n\n\n\n<h2 class=\"wp-block-heading\">C\u00f3mo sigue la agenda del canciller Pablo Quirno<\/h2>\n\n\n\n<p>El ministro de Relaciones Exteriores,&nbsp;<strong>Pablo Quirno<\/strong>,viajar\u00e1 en los pr\u00f3ximos d\u00edas a&nbsp;<strong>Sud\u00e1frica&nbsp;<\/strong>para participar de la<strong>&nbsp;cumbre del G20&nbsp;<\/strong>en reemplazo de Javier Milei, quien hace una semana confirm\u00f3 que no participar\u00e1, siguiendo la l\u00ednea del presidente estadounidense, Donald Trump.<\/p>\n\n\n\n<p>Esta semana se espera la visita del canciller paraguayo,&nbsp;<strong>Rub\u00e9n Ramiro Lezcano<\/strong>,y del ministro de Relaciones Exteriores de Israel,<strong>&nbsp;Gideon Sa\u2019ar<\/strong>. Ambos se reunir\u00e1n con&nbsp;<strong>Quirno<\/strong>.<\/p>\n\n\n\n<p>Puertas adentro, en la Canciller\u00eda argentina resta definir el organigrama y el equipo que acompa\u00f1ar\u00e1 al nuevo ministro. Se descuenta que se le dar\u00e1 un enfoque comercial-econ\u00f3mico, pero los nombres todav\u00eda est\u00e1n en danza.<\/p>\n\n\n\n<p><\/p>\n","protected":false},"excerpt":{"rendered":"<p>El ministro de Relaciones Exteriores mantuvo un encuentro reservado con el diplom\u00e1tico Wang Wei. Los objetivos del encuentro y la posici\u00f3n de la Rosada. El canciller argentino,\u00a0Pablo Quirno, se reuni\u00f3&hellip; <\/p>\n","protected":false},"author":8,"featured_media":236563,"comment_status":"closed","ping_status":"open","sticky":false,"template":"","format":"standard","meta":{"footnotes":""},"categories":[11],"tags":[],"class_list":["post-236562","post","type-post","status-publish","format-standard","has-post-thumbnail","hentry","category-internacionales"],"_links":{"self":[{"href":"https:\/\/corrientesdetarde.com\/index.php\/wp-json\/wp\/v2\/posts\/236562","targetHints":{"allow":["GET"]}}],"collection":[{"href":"https:\/\/corrientesdetarde.com\/index.php\/wp-json\/wp\/v2\/posts"}],"about":[{"href":"https:\/\/corrientesdetarde.com\/index.php\/wp-json\/wp\/v2\/types\/post"}],"author":[{"embeddable":true,"href":"https:\/\/corrientesdetarde.com\/index.php\/wp-json\/wp\/v2\/users\/8"}],"replies":[{"embeddable":true,"href":"https:\/\/corrientesdetarde.com\/index.php\/wp-json\/wp\/v2\/comments?post=236562"}],"version-history":[{"count":1,"href":"https:\/\/corrientesdetarde.com\/index.php\/wp-json\/wp\/v2\/posts\/236562\/revisions"}],"predecessor-version":[{"id":236564,"href":"https:\/\/corrientesdetarde.com\/index.php\/wp-json\/wp\/v2\/posts\/236562\/revisions\/236564"}],"wp:featuredmedia":[{"embeddable":true,"href":"https:\/\/corrientesdetarde.com\/index.php\/wp-json\/wp\/v2\/media\/236563"}],"wp:attachment":[{"href":"https:\/\/corrientesdetarde.com\/index.php\/wp-json\/wp\/v2\/media?parent=236562"}],"wp:term":[{"taxonomy":"category","embeddable":true,"href":"https:\/\/corrientesdetarde.com\/index.php\/wp-json\/wp\/v2\/categories?post=236562"},{"taxonomy":"post_tag","embeddable":true,"href":"https:\/\/corrientesdetarde.com\/index.php\/wp-json\/wp\/v2\/tags?post=236562"}],"curies":[{"name":"wp","href":"https:\/\/api.w.org\/{rel}","templated":true}]}}