{"id":236568,"date":"2025-11-19T19:35:21","date_gmt":"2025-11-19T22:35:21","guid":{"rendered":"https:\/\/corrientesdetarde.com\/?p=236568"},"modified":"2025-11-20T10:40:15","modified_gmt":"2025-11-20T13:40:15","slug":"teatro-vera-silvina-escalante-estrena-chamame-con-voz-de-mujer-un-espectaculo-de-inclusion-y-solidaridad","status":"publish","type":"post","link":"https:\/\/corrientesdetarde.com\/index.php\/eventos\/teatro-vera-silvina-escalante-estrena-chamame-con-voz-de-mujer-un-espectaculo-de-inclusion-y-solidaridad\/","title":{"rendered":"Teatro Vera: Silvina Escalante estrena &#8220;Chamam\u00e9 con Voz de Mujer&#8221;, un espect\u00e1culo de inclusi\u00f3n y solidaridad"},"content":{"rendered":"\n<p>Silvina Escalante, cantante y compositora de Mburucuy\u00e1, presenta su nuevo \u00e1lbum el s\u00e1bado 30 de noviembre desde las 21&nbsp;en el Teatro Oficial Juan de Vera de Corrientes. El show, que celebra la fuerza femenina y las ra\u00edces del g\u00e9nero litorale\u00f1o, contar\u00e1 con invitados de lujo y tendr\u00e1 un fuerte prop\u00f3sito solidario a beneficio de la Fundaci\u00f3n Padres TEA &#8220;La Esperanza&#8221; de Mburucuy\u00e1.<\/p>\n\n\n\n<p>El Vera se convertir\u00e1 en el epicentro de la m\u00fasica del litoral con la llegada de Silvina Escalante, una de las voces m\u00e1s admirables de Mburucuy\u00e1. La artista presentar\u00e1 su m\u00e1s reciente disco &#8220;Chamam\u00e9 con Voz de Mujer&#8221;, una propuesta que promete cautivar a los amantes del g\u00e9nero y a toda la familia.<\/p>\n\n\n\n<p>&#8220;Chamam\u00e9 con Voz de Mujer&#8221; es m\u00e1s que un disco: es una celebraci\u00f3n de la fuerza, la sensibilidad y el protagonismo de la mujer dentro del chamam\u00e9. Escalante combina temas de autor\u00eda propia con versiones tradicionales, rindiendo un profundo homenaje a las ra\u00edces correntinas. El espect\u00e1culo deslumbra por su propuesta musical integral, que busca tender puentes hacia la integraci\u00f3n y la visibilidad de la diversidad, dando especial protagonismo a chicos con discapacidad, creando un ambiente de respeto y unidad.<\/p>\n\n\n\n<p>La destacada voz de Escalante estar\u00e1 acompa\u00f1ada en el escenario por un elenco de grandes figuras que garantizan una noche memorable: Diego Guti\u00e9rrez, Los Hijos de los Barrios, Vicki S\u00e1nchez, Gustavo Miqueri, Los Alonsitos y otros artistas destacados.<\/p>\n\n\n\n<p><strong>A beneficio de la Fundaci\u00f3n Padres TEA<\/strong><\/p>\n\n\n\n<p>Esta presentaci\u00f3n tendr\u00e1 un profundo prop\u00f3sito ben\u00e9fico. La entrada al espect\u00e1culo ser\u00e1 a total beneficio de la Fundaci\u00f3n Padres TEA \u201cLa Esperanza\u201d, una instituci\u00f3n fundamental que brinda asistencia y acompa\u00f1amiento a personas con diferentes discapacidades, transformando la magia del chamam\u00e9 en un acto de ayuda y conciencia social.<\/p>\n\n\n\n<p>La invitaci\u00f3n est\u00e1 abierta para emocionarse con canciones que atraviesan generaciones y, sobre todo, para volver a creer en la magia de ayudar y la importancia de incluir.<\/p>\n\n\n\n<p>Para adquirir las&nbsp; entradas comunicarse a trav\u00e9s de las redes sociales de @fanadelamusica o a los tel\u00e9fonos 3794203768 (Guadalupe) y 379 435-1186 (Anita)<\/p>\n\n\n\n<p><strong>Sobre la Fundaci\u00f3n Padres TEA \u201cLa Esperanza\u201d<\/strong><\/p>\n\n\n\n<p>Comenz\u00f3 como un grupo de padres auto convocados con hijos diagnosticados dentro del Trastorno del Espectro Autista (TEA), quienes desde febrero de 2020 trabajan por la inclusi\u00f3n y concientizaci\u00f3n. En octubre de 2022, viendo la necesidad de otras familias, Padres TEA incorpor\u00f3 a ni\u00f1os, j\u00f3venes y adultos con diferentes discapacidades.<\/p>\n\n\n\n<p>Realizan talleres de m\u00fasica, Arte terapia, alfabetizaci\u00f3n, cocina, tejido, actividades recreativas, huerta org\u00e1nica y talleres para padres con la colaboraci\u00f3n ad honorem de profesores y especialistas. Tambi\u00e9n brindan capacitaciones, jornadas y campa\u00f1as de concientizaci\u00f3n, todos dirigidos a la comunidad en general, con el objetivo de contribuir a mejorar la calidad de vida de las personas con discapacidad y sus familias.<\/p>\n\n\n\n<p><strong>+ Info<\/strong><\/p>\n\n\n\n<p>Instagram | teatrooficialjuandevera<\/p>\n","protected":false},"excerpt":{"rendered":"<p>Silvina Escalante, cantante y compositora de Mburucuy\u00e1, presenta su nuevo \u00e1lbum el s\u00e1bado 30 de noviembre desde las 21&nbsp;en el Teatro Oficial Juan de Vera de Corrientes. El show, que&hellip; <\/p>\n","protected":false},"author":4,"featured_media":236575,"comment_status":"closed","ping_status":"open","sticky":false,"template":"","format":"standard","meta":{"footnotes":""},"categories":[22],"tags":[],"class_list":["post-236568","post","type-post","status-publish","format-standard","has-post-thumbnail","hentry","category-eventos"],"_links":{"self":[{"href":"https:\/\/corrientesdetarde.com\/index.php\/wp-json\/wp\/v2\/posts\/236568","targetHints":{"allow":["GET"]}}],"collection":[{"href":"https:\/\/corrientesdetarde.com\/index.php\/wp-json\/wp\/v2\/posts"}],"about":[{"href":"https:\/\/corrientesdetarde.com\/index.php\/wp-json\/wp\/v2\/types\/post"}],"author":[{"embeddable":true,"href":"https:\/\/corrientesdetarde.com\/index.php\/wp-json\/wp\/v2\/users\/4"}],"replies":[{"embeddable":true,"href":"https:\/\/corrientesdetarde.com\/index.php\/wp-json\/wp\/v2\/comments?post=236568"}],"version-history":[{"count":1,"href":"https:\/\/corrientesdetarde.com\/index.php\/wp-json\/wp\/v2\/posts\/236568\/revisions"}],"predecessor-version":[{"id":236576,"href":"https:\/\/corrientesdetarde.com\/index.php\/wp-json\/wp\/v2\/posts\/236568\/revisions\/236576"}],"wp:featuredmedia":[{"embeddable":true,"href":"https:\/\/corrientesdetarde.com\/index.php\/wp-json\/wp\/v2\/media\/236575"}],"wp:attachment":[{"href":"https:\/\/corrientesdetarde.com\/index.php\/wp-json\/wp\/v2\/media?parent=236568"}],"wp:term":[{"taxonomy":"category","embeddable":true,"href":"https:\/\/corrientesdetarde.com\/index.php\/wp-json\/wp\/v2\/categories?post=236568"},{"taxonomy":"post_tag","embeddable":true,"href":"https:\/\/corrientesdetarde.com\/index.php\/wp-json\/wp\/v2\/tags?post=236568"}],"curies":[{"name":"wp","href":"https:\/\/api.w.org\/{rel}","templated":true}]}}