{"id":236584,"date":"2025-11-19T19:56:50","date_gmt":"2025-11-19T22:56:50","guid":{"rendered":"https:\/\/corrientesdetarde.com\/?p=236584"},"modified":"2025-11-19T19:56:58","modified_gmt":"2025-11-19T22:56:58","slug":"la-dpec-realizara-trabajos-de-mejoras-en-capital-y-el-interior-208","status":"publish","type":"post","link":"https:\/\/corrientesdetarde.com\/index.php\/destacados\/la-dpec-realizara-trabajos-de-mejoras-en-capital-y-el-interior-208\/","title":{"rendered":"La DPEC realizar\u00e1 trabajos de mejoras en Capital y el interior"},"content":{"rendered":"\n<p>La Direcci\u00f3n Provincial de Energ\u00eda de Corrientes comunica que, por ejecutar diversos trabajos de mantenimiento para la mejora del servicio en Santa Rosa, Mercedes, Santo Tom\u00e9, Paso de la Patria, Capital, Paso de los Libres e Ituzaing\u00f3, se interrumpir\u00e1 el suministro de energ\u00eda el\u00e9ctrica entre los d\u00edas jueves 20, s\u00e1bado 22 y domingo 23 de noviembre de 2025.<\/p>\n\n\n\n<p>Es por eso, que en Santa Rosa la Direcci\u00f3n Provincial de Energ\u00eda de Corrientes (DPEC), ejecutar\u00e1 tareas de mantenimiento de l\u00edneas de media tensi\u00f3n y por tal motivo, interrumpir\u00e1 el suministro de energ\u00eda el\u00e9ctrica, el s\u00e1bado 22 en el horario de 15:00 a 19:00 en las zonas de los barrios 30 Viviendas, 60 Viviendas, Industrial, YPF, Santa Rita, Las Tomas, Antena, La Curva, Pasaje La Marcelina y zonas de influencia. Mientras que el domingo 23 de noviembre lo har\u00e1n en el horario de 07:00 a 11:00 en zonas de los barrios 30 Viviendas, 60 Viviendas, Industrial, YPF, Santa Rita, Las Tomas, Antena, La Curva, Pasaje La Marcelina y zonas de influencia.<\/p>\n\n\n\n<p>Adem\u00e1s, informa que, con motivo de realizar mejoras en el servicio, se ejecutar\u00e1n tareas de habilitaci\u00f3n de una nueva Subestaci\u00f3n Transformadora A\u00e9rea, por lo cual se interrumpir\u00e1 el suministro de energ\u00eda el\u00e9ctrica en la localidad de Mercedes, el jueves 20 de noviembre de 2025 de 07:00 a 08:00 hs, en las zonas de los barrios Centenario, Merceditas, Sociedad Rural, Radio LT42, Medalla Milagrosa, calle Malvinas Argentinas y zonas de influencia.<\/p>\n\n\n\n<p>Tambi\u00e9n, en la localidad de Santo Tom\u00e9, la Direcci\u00f3n Provincial de Energ\u00eda de Corrientes (DPEC), informa que, con motivo de realizar mejoras en el servicio, se ejecutar\u00e1n tareas de mantenimiento y poda sobre la traza de L\u00edneas de Media Tensi\u00f3n, por lo cual se interrumpir\u00e1 el suministro de energ\u00eda el\u00e9ctrica el jueves 20 de noviembre de 2025 de 06:30 a 10:30 hs en las zonas de los barrios Tablada, Club Social, Hospital, Municipalidad, Aguas de Corrientes, Centro, Puerto Torres, Pi\u00f1eral y zonas de influencia.<\/p>\n\n\n\n<p>Asimismo, informa que, con motivo de realizar mejoras en el servicio, se ejecutar\u00e1n tareas de mantenimiento de L\u00edneas de Media Tensi\u00f3n, por lo cual se interrumpir\u00e1 el suministro de energ\u00eda el\u00e9ctrica en la localidad de Paso de la Patria, el jueves 20 de noviembre de 2025 de 08:00 a 13:00 hs en la Ruta 98, Chacras del Golf y zonas de influencia.<\/p>\n\n\n\n<p>Por otro lado, comunica que, con motivo de realizar mejoras en el servicio en la ciudad Capital, se ejecutar\u00e1n tareas de mantenimiento de L\u00edneas de Media Tensi\u00f3n, por lo cual se interrumpir\u00e1 el suministro de energ\u00eda el\u00e9ctrica en dos turnos el jueves 20 de noviembre de 2025; de 08:00 a 13:00 hs en las zonas de Ca\u00f1ada Quiroz, Santa Margarita, Dr. Monta\u00f1a y zonas de influencia y en el horario de 15:00 a 19:00 en las zonas de los barrios San Antonio, Alta Gracia, Independencia, Concepci\u00f3n y zonas de influencia.<\/p>\n\n\n\n<p>Tambi\u00e9n, comunica que, en la localidad de Paso de los Libres, la Direcci\u00f3n de Provincial de Energ\u00eda El\u00e9ctrica de Corrientes (DPEC) que con motivo de realizar mejoras en el servicio, se ejecutar\u00e1n tareas de mantenimiento y poda sobre la traza de L\u00edneas de Media Tensi\u00f3n, por lo cual se interrumpir\u00e1 el suministro de energ\u00eda el\u00e9ctrica en dos zonas en diferentes horarios el jueves 20 de noviembre de 2025: de 06:00 a 08:00 en las zonas de los barrios de INVICO y de 06:00 a 07:00 hs en las zonas de los barrios de INVICO, Av. Jorge Newberry hasta el sur de la localidad y zonas de influencia.<\/p>\n\n\n\n<p>Por \u00faltimo, informa que, con motivo de realizar mejoras en el servicio, se ejecutar\u00e1n tareas de mantenimiento de L\u00edneas de Media Tensi\u00f3n y por lo cual se interrumpir\u00e1 el suministro de energ\u00eda el\u00e9ctrica en la localidad de Ituzaing\u00f3, el jueves 20 de noviembre de 2025 de 13:00 a 17:00 hs, en las zonas de los barrios G2, Don Ben\u00edtez, Don Tom\u00e1s (45 Viviendas), Estaci\u00f3n del Peaje, Estaci\u00f3n de Servicio por Ruta 12 y zonas de influencia.<\/p>\n\n\n\n<p><\/p>\n","protected":false},"excerpt":{"rendered":"<p>La Direcci\u00f3n Provincial de Energ\u00eda de Corrientes comunica que, por ejecutar diversos trabajos de mantenimiento para la mejora del servicio en Santa Rosa, Mercedes, Santo Tom\u00e9, Paso de la Patria,&hellip; <\/p>\n","protected":false},"author":4,"featured_media":195670,"comment_status":"closed","ping_status":"open","sticky":false,"template":"","format":"standard","meta":{"footnotes":""},"categories":[26],"tags":[],"class_list":["post-236584","post","type-post","status-publish","format-standard","has-post-thumbnail","hentry","category-destacados"],"_links":{"self":[{"href":"https:\/\/corrientesdetarde.com\/index.php\/wp-json\/wp\/v2\/posts\/236584","targetHints":{"allow":["GET"]}}],"collection":[{"href":"https:\/\/corrientesdetarde.com\/index.php\/wp-json\/wp\/v2\/posts"}],"about":[{"href":"https:\/\/corrientesdetarde.com\/index.php\/wp-json\/wp\/v2\/types\/post"}],"author":[{"embeddable":true,"href":"https:\/\/corrientesdetarde.com\/index.php\/wp-json\/wp\/v2\/users\/4"}],"replies":[{"embeddable":true,"href":"https:\/\/corrientesdetarde.com\/index.php\/wp-json\/wp\/v2\/comments?post=236584"}],"version-history":[{"count":1,"href":"https:\/\/corrientesdetarde.com\/index.php\/wp-json\/wp\/v2\/posts\/236584\/revisions"}],"predecessor-version":[{"id":236585,"href":"https:\/\/corrientesdetarde.com\/index.php\/wp-json\/wp\/v2\/posts\/236584\/revisions\/236585"}],"wp:featuredmedia":[{"embeddable":true,"href":"https:\/\/corrientesdetarde.com\/index.php\/wp-json\/wp\/v2\/media\/195670"}],"wp:attachment":[{"href":"https:\/\/corrientesdetarde.com\/index.php\/wp-json\/wp\/v2\/media?parent=236584"}],"wp:term":[{"taxonomy":"category","embeddable":true,"href":"https:\/\/corrientesdetarde.com\/index.php\/wp-json\/wp\/v2\/categories?post=236584"},{"taxonomy":"post_tag","embeddable":true,"href":"https:\/\/corrientesdetarde.com\/index.php\/wp-json\/wp\/v2\/tags?post=236584"}],"curies":[{"name":"wp","href":"https:\/\/api.w.org\/{rel}","templated":true}]}}