{"id":236586,"date":"2025-11-19T21:11:46","date_gmt":"2025-11-20T00:11:46","guid":{"rendered":"https:\/\/corrientesdetarde.com\/?p=236586"},"modified":"2025-11-19T21:12:00","modified_gmt":"2025-11-20T00:12:00","slug":"valdes-presento-el-potencial-productivo-de-corrientes-ante-empresarios-de-india","status":"publish","type":"post","link":"https:\/\/corrientesdetarde.com\/index.php\/actualidad\/valdes-presento-el-potencial-productivo-de-corrientes-ante-empresarios-de-india\/","title":{"rendered":"Vald\u00e9s present\u00f3 el potencial productivo de Corrientes ante empresarios de India"},"content":{"rendered":"\n<p>El gobernador mantuvo una reuni\u00f3n con directivos de Allana Group en Nueva Delhi y destac\u00f3 las oportunidades provinciales en b\u00fafalos, c\u00edtricos, palta y nuez.<\/p>\n\n\n\n<p>En el marco de la misi\u00f3n oficial que encabeza en India, el gobernador Gustavo Vald\u00e9s contin\u00faa acercando a Corrientes al escenario internacional. Este lunes mantuvo una reuni\u00f3n en Nueva Delhi con directivos de Allana Group, una de las compa\u00f1\u00edas l\u00edderes en la comercializaci\u00f3n global de alimentos, acompa\u00f1ado por el embajador argentino en ese pa\u00eds, Mariano Caucino.<\/p>\n\n\n\n<p>Seg\u00fan inform\u00f3 a trav\u00e9s de su cuenta de X, Vald\u00e9s se\u00f1al\u00f3 que la firma manifest\u00f3 su inter\u00e9s en iniciar operaciones en Argentina, por lo que el encuentro permiti\u00f3 exponer las principales fortalezas productivas de la provincia. Entre ellas, destac\u00f3 el crecimiento de la cr\u00eda de b\u00fafalos y el desarrollo de sectores como los c\u00edtricos, la palta y la nuez, que muestran cada vez mayor proyecci\u00f3n exportadora.<\/p>\n\n\n\n<p>La misi\u00f3n oficial en India tiene como objetivo ampliar mercados, atraer inversiones y diversificar la matriz productiva correntina, fortaleciendo la inserci\u00f3n internacional de la provincia en uno de los mercados m\u00e1s relevantes del mundo.<\/p>\n","protected":false},"excerpt":{"rendered":"<p>El gobernador mantuvo una reuni\u00f3n con directivos de Allana Group en Nueva Delhi y destac\u00f3 las oportunidades provinciales en b\u00fafalos, c\u00edtricos, palta y nuez. En el marco de la misi\u00f3n&hellip; <\/p>\n","protected":false},"author":4,"featured_media":236587,"comment_status":"closed","ping_status":"open","sticky":false,"template":"","format":"standard","meta":{"footnotes":""},"categories":[23],"tags":[],"class_list":["post-236586","post","type-post","status-publish","format-standard","has-post-thumbnail","hentry","category-actualidad"],"_links":{"self":[{"href":"https:\/\/corrientesdetarde.com\/index.php\/wp-json\/wp\/v2\/posts\/236586","targetHints":{"allow":["GET"]}}],"collection":[{"href":"https:\/\/corrientesdetarde.com\/index.php\/wp-json\/wp\/v2\/posts"}],"about":[{"href":"https:\/\/corrientesdetarde.com\/index.php\/wp-json\/wp\/v2\/types\/post"}],"author":[{"embeddable":true,"href":"https:\/\/corrientesdetarde.com\/index.php\/wp-json\/wp\/v2\/users\/4"}],"replies":[{"embeddable":true,"href":"https:\/\/corrientesdetarde.com\/index.php\/wp-json\/wp\/v2\/comments?post=236586"}],"version-history":[{"count":1,"href":"https:\/\/corrientesdetarde.com\/index.php\/wp-json\/wp\/v2\/posts\/236586\/revisions"}],"predecessor-version":[{"id":236588,"href":"https:\/\/corrientesdetarde.com\/index.php\/wp-json\/wp\/v2\/posts\/236586\/revisions\/236588"}],"wp:featuredmedia":[{"embeddable":true,"href":"https:\/\/corrientesdetarde.com\/index.php\/wp-json\/wp\/v2\/media\/236587"}],"wp:attachment":[{"href":"https:\/\/corrientesdetarde.com\/index.php\/wp-json\/wp\/v2\/media?parent=236586"}],"wp:term":[{"taxonomy":"category","embeddable":true,"href":"https:\/\/corrientesdetarde.com\/index.php\/wp-json\/wp\/v2\/categories?post=236586"},{"taxonomy":"post_tag","embeddable":true,"href":"https:\/\/corrientesdetarde.com\/index.php\/wp-json\/wp\/v2\/tags?post=236586"}],"curies":[{"name":"wp","href":"https:\/\/api.w.org\/{rel}","templated":true}]}}