{"id":236729,"date":"2025-11-20T14:36:29","date_gmt":"2025-11-20T17:36:29","guid":{"rendered":"https:\/\/corrientesdetarde.com\/?p=236729"},"modified":"2025-11-20T14:36:36","modified_gmt":"2025-11-20T17:36:36","slug":"karina-milei-reune-a-la-mesa-politica-para-definir-la-estrategia-para-impulsar-el-presupuesto-y-las-reformas","status":"publish","type":"post","link":"https:\/\/corrientesdetarde.com\/index.php\/politica\/karina-milei-reune-a-la-mesa-politica-para-definir-la-estrategia-para-impulsar-el-presupuesto-y-las-reformas\/","title":{"rendered":"Karina Milei re\u00fane a la mesa pol\u00edtica para definir la estrategia para impulsar el Presupuesto y las reformas"},"content":{"rendered":"\n<p>El Gobierno eval\u00faa alternativas para tratar los proyectos a partir del 10 de diciembre mientras define los detalles t\u00e9cnicos de las iniciativas. Naci\u00f3n quiere que el tratamiento de los cambios en la normativa laboral comience en el Senado.<\/p>\n\n\n\n<p><a href=\"https:\/\/tn.com.ar\/autor\/Isalerno\/\"><\/a><\/p>\n\n\n\n<p><strong>Karina Milei\u00a0re\u00fane a la mesa pol\u00edtica para definir la estrategia para impulsar el\u00a0Presupuesto\u00a02026 y las reformas<\/strong>. La secretaria general de la Presidencia encabezar\u00e1 el encuentro que suele presidir Javier Milei para coordinar los avances en las negociaciones legislativas con bloques aliados y gobernadores. El encuentro se realiza desde las 13:30 en las oficinas del Ministerio del Interior.<\/p>\n\n\n\n<p>El Gobierno&nbsp;<strong>eval\u00faa alternativas para tratar los proyectos a partir del 10 de diciembre, cuando comenzar\u00e1n las sesiones extraordinarias<\/strong>, mientras define los detalles t\u00e9cnicos de las iniciativas junto con el impacto fiscal de las concesiones que piden los mandatarios aliados. Naci\u00f3n quiere comenzar a tratar la reforma laboral en el Senado.<\/p>\n\n\n\n<p><strong>Los encargados de la Casa Rosada de negociar con la oposici\u00f3n dialoguista son el presidente de la C\u00e1mara de Diputados, Mart\u00edn Menem<\/strong>, la senadora electa y ministra de Seguridad, Patricia Bullrich, y el ministro del Interior, Diego Santilli. Se trata de los principales integrantes de la mesa pol\u00edtica junto al jefe de gabinete, Manuel Adorni.<\/p>\n\n\n\n<p>La mesa chica de Balcarce 50 ya mantuvo tambi\u00e9n una reuni\u00f3n este martes con el ministro de Econom\u00eda, Luis Caputo, para avanzar en los detalles del proyecto presupuestario.&nbsp;<strong>Habr\u00e1 tambi\u00e9n el martes que viene una cumbre de ministros y equipos t\u00e9cnicos para terminar de delinear las iniciativas que modifican los reg\u00edmenes laboral y tributario<\/strong>.<\/p>\n\n\n\n<figure class=\"wp-block-image\"><img decoding=\"async\" src=\"https:\/\/tn.com.ar\/resizer\/v2\/javier-milei-conformo-la-mesa-politica-luego-de-la-derrota-de-la-libertad-avanza-en-las-elecciones-bonaerenses-de-septiembre-foto-presidencia-AVIYAFCUI5AUVASEFCCUO3ODNI.jpg?auth=c1f986a7bafa809a11c0ce9bd4a04ae42e985e9827d76d283c10b4c1417e84c6&amp;width=767\" alt=\"Javier Milei conform\u00f3 la mesa pol\u00edtica luego de la derrota de La Libertad Avanza en las elecciones bonaerenses de septiembre (Foto: Presidencia).\"\/><\/figure>\n\n\n\n<p>El Gobierno&nbsp;<strong>busca concretar reuniones con los jefes de bloque de las bancadas dialoguistas antes del 10 de diciembre<\/strong>. Naci\u00f3n apunta a convocar a Cristian Ritondo (PRO), Rodrigo de Loredo (UCR), Miguel \u00c1ngel Pichetto (Encuentro Federal) y a los representantes de Innovaci\u00f3n Federal y Provincias Unidas.<\/p>\n\n\n\n<p>En el Ejecutivo sostienen que Bullrich&nbsp;<strong>ya inici\u00f3 contactos con los jefes de bloque del Senado y que prepara reuniones<\/strong>&nbsp;para impulsar los proyectos que incluir\u00e1 el jefe de Estado en el llamado a extraordinarias. Abarcar\u00e1 tambi\u00e9n los cambios sobre el C\u00f3digo Penal y sobre la Ley de Glaciares.<\/p>\n\n\n\n<p>La Casa Rosada<strong>&nbsp;planea adem\u00e1s convocar a las nuevas autoridades de la Condederaci\u00f3n General del Trabajo (CGT)<\/strong>&nbsp;para acercar posiciones en la previa del tratamiento del proyecto laboral. En Balcarce 50 tienen en la mira un encuentro con Cristian Jer\u00f3nimo (Sindicato del Vidrio), Jorge Sola (Seguros) y Octavio Arg\u00fcello (Camioneros)&nbsp;en el corto plazo.<\/p>\n\n\n\n<p>Lo mismo aplica para los gobernadores que se reunieron con el primer mandatario luego de las elecciones del 26 de octubre. La mesa chica del oficialismo&nbsp;<strong>prepara una nueva cumbre con el presidente luego de que Santilli complete los encuentros \u201cmano a mano\u201d antes de diciembre<\/strong>. Buscan una muestra de apoyo p\u00fablica por parte de los mandatarios para la sanci\u00f3n del Presupuesto.<\/p>\n","protected":false},"excerpt":{"rendered":"<p>El Gobierno eval\u00faa alternativas para tratar los proyectos a partir del 10 de diciembre mientras define los detalles t\u00e9cnicos de las iniciativas. Naci\u00f3n quiere que el tratamiento de los cambios&hellip; <\/p>\n","protected":false},"author":8,"featured_media":236730,"comment_status":"closed","ping_status":"open","sticky":false,"template":"","format":"standard","meta":{"footnotes":""},"categories":[3],"tags":[],"class_list":["post-236729","post","type-post","status-publish","format-standard","has-post-thumbnail","hentry","category-politica"],"_links":{"self":[{"href":"https:\/\/corrientesdetarde.com\/index.php\/wp-json\/wp\/v2\/posts\/236729","targetHints":{"allow":["GET"]}}],"collection":[{"href":"https:\/\/corrientesdetarde.com\/index.php\/wp-json\/wp\/v2\/posts"}],"about":[{"href":"https:\/\/corrientesdetarde.com\/index.php\/wp-json\/wp\/v2\/types\/post"}],"author":[{"embeddable":true,"href":"https:\/\/corrientesdetarde.com\/index.php\/wp-json\/wp\/v2\/users\/8"}],"replies":[{"embeddable":true,"href":"https:\/\/corrientesdetarde.com\/index.php\/wp-json\/wp\/v2\/comments?post=236729"}],"version-history":[{"count":1,"href":"https:\/\/corrientesdetarde.com\/index.php\/wp-json\/wp\/v2\/posts\/236729\/revisions"}],"predecessor-version":[{"id":236732,"href":"https:\/\/corrientesdetarde.com\/index.php\/wp-json\/wp\/v2\/posts\/236729\/revisions\/236732"}],"wp:featuredmedia":[{"embeddable":true,"href":"https:\/\/corrientesdetarde.com\/index.php\/wp-json\/wp\/v2\/media\/236730"}],"wp:attachment":[{"href":"https:\/\/corrientesdetarde.com\/index.php\/wp-json\/wp\/v2\/media?parent=236729"}],"wp:term":[{"taxonomy":"category","embeddable":true,"href":"https:\/\/corrientesdetarde.com\/index.php\/wp-json\/wp\/v2\/categories?post=236729"},{"taxonomy":"post_tag","embeddable":true,"href":"https:\/\/corrientesdetarde.com\/index.php\/wp-json\/wp\/v2\/tags?post=236729"}],"curies":[{"name":"wp","href":"https:\/\/api.w.org\/{rel}","templated":true}]}}