{"id":236741,"date":"2025-11-20T16:09:20","date_gmt":"2025-11-20T19:09:20","guid":{"rendered":"https:\/\/corrientesdetarde.com\/?p=236741"},"modified":"2025-11-20T16:09:25","modified_gmt":"2025-11-20T19:09:25","slug":"la-afa-reconocio-a-central-como-campeon-de-la-liga-y-di-maria-sumo-su-primer-titulo-en-el-futbol-argentino","status":"publish","type":"post","link":"https:\/\/corrientesdetarde.com\/index.php\/deportes\/la-afa-reconocio-a-central-como-campeon-de-la-liga-y-di-maria-sumo-su-primer-titulo-en-el-futbol-argentino\/","title":{"rendered":"La AFA reconoci\u00f3 a Central como campe\u00f3n de la Liga y Di Mar\u00eda sum\u00f3 su primer t\u00edtulo en el f\u00fatbol argentino"},"content":{"rendered":"\n<p>El club canalla fue consagrado en las oficinas de la Liga Profesional y anunci\u00f3 el logro a trav\u00e9s de sus redes sociales.<\/p>\n\n\n\n<p><strong>\u00c1ngel Di Mar\u00eda\u00a0<\/strong>gan\u00f3 el primer t\u00edtulo desde su regreso al f\u00fatbol argentino tras una inesperada decisi\u00f3n de la\u00a0<strong>AFA,\u00a0<\/strong>que reconoci\u00f3 a Rosario Central como campe\u00f3n de la Liga Profesional 2025 por haber terminado primero en la Tabla Anual, que acumula los puntos obtenidos en la fase regular de los torneos Apertura y Clausura.<\/p>\n\n\n\n<p>Esta pol\u00e9mica medida, adoptada con la temporada en curso, representa formalmente la obtenci\u00f3n de una estrella oficial, decimotercera en la historia del club de Arroyito.<\/p>\n\n\n\n<figure class=\"wp-block-image\"><img decoding=\"async\" src=\"https:\/\/tn.com.ar\/resizer\/v2\/xrosariocentral-2OMQYKO6JJC5PJV7MHNDPJMSPY.JPG?auth=079f5faea7e4950bc2408187a9668cd25338588fafa53f882fabf97670b1962f&amp;width=767\" alt=\"(X@RosarioCentral).\"\/><\/figure>\n\n\n\n<p>El propio Di Mar\u00eda asisti\u00f3 este jueves a las oficinas de la Liga Profesional de F\u00fatbol (LPF) en Puerto Madero para recibir el trofeo junto a su compa\u00f1ero Jorge \u201cFatura\u201d Broun, el presidente del club, Gonzalo Belloso, y su esposa Carolina Cristinziano.<\/p>\n\n\n\n<p>El giro de la AFA en el sistema de competencia implica la eliminaci\u00f3n de la Supercopa Internacional, a la que Central se hab\u00eda clasificado por ser el equipo con m\u00e1s puntos en el transcurso del a\u00f1o.<\/p>\n\n\n\n<p>El equipo dirigido por Ariel Holan esperaba por el ganador del Trofeo de Campeones (la final entre los ganadores del Torneo Apertura -Platense- y Clausura) para disputar ese trofeo, pero el camino para sumar una estrella se recort\u00f3 con la modificaci\u00f3n reglamentaria.<\/p>\n\n\n\n<h2 class=\"wp-block-heading\"><strong>\u201cAgradezco a Tapia y a Toviggino\u201d<\/strong><\/h2>\n\n\n\n<p>Tras recibir el reconocimiento en las oficinas de la Liga, el DT de Central, Ariel Holan, celebr\u00f3 la conquista y agradeci\u00f3 a los dirigentes: \u201cHicimos un gran torneo. Agradezco a (Claudio) Tapia, (Pablo) Toviggino y a todos los presidentes por el reconocimiento\u201d.<\/p>\n\n\n\n<figure class=\"wp-block-image size-large\"><img loading=\"lazy\" decoding=\"async\" width=\"1024\" height=\"768\" src=\"https:\/\/corrientesdetarde.com\/wp-content\/uploads\/2025\/11\/image-600-1024x768.png\" alt=\"\" class=\"wp-image-236743\" srcset=\"https:\/\/corrientesdetarde.com\/wp-content\/uploads\/2025\/11\/image-600-1024x768.png 1024w, https:\/\/corrientesdetarde.com\/wp-content\/uploads\/2025\/11\/image-600-300x225.png 300w, https:\/\/corrientesdetarde.com\/wp-content\/uploads\/2025\/11\/image-600-768x576.png 768w, https:\/\/corrientesdetarde.com\/wp-content\/uploads\/2025\/11\/image-600.png 1440w\" sizes=\"auto, (max-width: 1024px) 100vw, 1024px\" \/><\/figure>\n\n\n\n<h2 class=\"wp-block-heading\"><strong>Rosario Central, el mejor posicionado<\/strong><\/h2>\n\n\n\n<p>El conjunto rosarino lider\u00f3 la Tabla Anual 2025 al t\u00e9rmino de la fase regular del Torneo Clausura y se hab\u00eda acreditado el derecho a jugar la Supercopa Internacional con el vencedor del Trofeo de Campeones que se disputar\u00e1 en diciembre entre Platense -ganador del Clausura- y el equipo que resulte campe\u00f3n del Clausura.<\/p>\n\n\n\n<p>De esta manera, si se aprueba la eliminaci\u00f3n de la Supercopa, Central sumar\u00e1 la 13ra. estrella de su historia.<\/p>\n","protected":false},"excerpt":{"rendered":"<p>El club canalla fue consagrado en las oficinas de la Liga Profesional y anunci\u00f3 el logro a trav\u00e9s de sus redes sociales. \u00c1ngel Di Mar\u00eda\u00a0gan\u00f3 el primer t\u00edtulo desde su&hellip; <\/p>\n","protected":false},"author":8,"featured_media":236742,"comment_status":"closed","ping_status":"open","sticky":false,"template":"","format":"standard","meta":{"footnotes":""},"categories":[4,26],"tags":[],"class_list":["post-236741","post","type-post","status-publish","format-standard","has-post-thumbnail","hentry","category-deportes","category-destacados"],"_links":{"self":[{"href":"https:\/\/corrientesdetarde.com\/index.php\/wp-json\/wp\/v2\/posts\/236741","targetHints":{"allow":["GET"]}}],"collection":[{"href":"https:\/\/corrientesdetarde.com\/index.php\/wp-json\/wp\/v2\/posts"}],"about":[{"href":"https:\/\/corrientesdetarde.com\/index.php\/wp-json\/wp\/v2\/types\/post"}],"author":[{"embeddable":true,"href":"https:\/\/corrientesdetarde.com\/index.php\/wp-json\/wp\/v2\/users\/8"}],"replies":[{"embeddable":true,"href":"https:\/\/corrientesdetarde.com\/index.php\/wp-json\/wp\/v2\/comments?post=236741"}],"version-history":[{"count":1,"href":"https:\/\/corrientesdetarde.com\/index.php\/wp-json\/wp\/v2\/posts\/236741\/revisions"}],"predecessor-version":[{"id":236744,"href":"https:\/\/corrientesdetarde.com\/index.php\/wp-json\/wp\/v2\/posts\/236741\/revisions\/236744"}],"wp:featuredmedia":[{"embeddable":true,"href":"https:\/\/corrientesdetarde.com\/index.php\/wp-json\/wp\/v2\/media\/236742"}],"wp:attachment":[{"href":"https:\/\/corrientesdetarde.com\/index.php\/wp-json\/wp\/v2\/media?parent=236741"}],"wp:term":[{"taxonomy":"category","embeddable":true,"href":"https:\/\/corrientesdetarde.com\/index.php\/wp-json\/wp\/v2\/categories?post=236741"},{"taxonomy":"post_tag","embeddable":true,"href":"https:\/\/corrientesdetarde.com\/index.php\/wp-json\/wp\/v2\/tags?post=236741"}],"curies":[{"name":"wp","href":"https:\/\/api.w.org\/{rel}","templated":true}]}}