{"id":236745,"date":"2025-11-20T16:11:08","date_gmt":"2025-11-20T19:11:08","guid":{"rendered":"https:\/\/corrientesdetarde.com\/?p=236745"},"modified":"2025-11-20T16:11:16","modified_gmt":"2025-11-20T19:11:16","slug":"senado-la-libertad-avanza-gana-terreno-mientras-el-pj-afronta-cruces-internos-y-queda-al-borde-de-la-fractura","status":"publish","type":"post","link":"https:\/\/corrientesdetarde.com\/index.php\/politica\/senado-la-libertad-avanza-gana-terreno-mientras-el-pj-afronta-cruces-internos-y-queda-al-borde-de-la-fractura\/","title":{"rendered":"Senado: La Libertad Avanza gana terreno mientras el PJ afronta cruces internos y queda al borde de la fractura"},"content":{"rendered":"\n<p>El bloque kirchnerista podr\u00eda perder m\u00e1s integrantes si se independizan los representantes de Convicci\u00f3n Federal y si Gerardo Zamora arma su propia bancada. Qu\u00e9 dicen en cada espacio y c\u00f3mo queda armada la C\u00e1mara alta.<\/p>\n\n\n\n<p><a href=\"https:\/\/tn.com.ar\/autor\/Ffraquelli\/\"><\/a><\/p>\n\n\n\n<p>El\u00a0<strong>bloque del PJ<\/strong>en el <strong>Senado<\/strong>\u00a0atraviesa uno de sus\u00a0<strong>peores momentos<\/strong>. El jefe de ese espacio,\u00a0<strong>Jos\u00e9 Mayans,<\/strong>\u00a0intenta sostener la unidad y propone que\u00a0<strong>Uni\u00f3n por la Patria<\/strong>\u00a0(UxP) deje de funcionar como un interbloque de tres espacios \u2014Frente Nacional y Popular, Unidad Ciudadana y Convicci\u00f3n Federal\u2014 y\u00a0<strong>pase a conformar un \u00fanico Bloque Justicialista<\/strong>. La idea despert\u00f3\u00a0<strong>fuertes cuestionamientos<\/strong>\u00a0de\u00a0<strong>Carolina Mois\u00e9s<\/strong>\u00a0y del gobernador santiague\u00f1o\u00a0<strong>Gerardo Zamora<\/strong>.<\/p>\n\n\n\n<p>El bloque kirchnerista, que quedar\u00e1 reducido a&nbsp;<strong>28 senadores<\/strong>, podr\u00eda perder m\u00e1s integrantes si se&nbsp;<strong>independizan&nbsp;<\/strong>los representantes de&nbsp;<strong>Convicci\u00f3n Federal<\/strong>&nbsp;\u2014encabezados por&nbsp;<strong>Mois\u00e9s&nbsp;<\/strong>y<strong>&nbsp;Fernando Salino<\/strong>\u2014 y si&nbsp;<strong>Zamora<\/strong>, senador electo, arma su&nbsp;<strong>propia bancada<\/strong>&nbsp;con dos legisladores. El mandatario ya le adelant\u00f3 a Mayans que<strong>&nbsp;no integrar\u00e1 el espacio si la denominaci\u00f3n es \u201cBloque Justicialista\u201d<\/strong>.<\/p>\n\n\n\n<p>Zamora proviene de la&nbsp;<strong>UCR&nbsp;<\/strong>y en los \u00faltimos a\u00f1os mantuvo buena sinton\u00eda con el kirchnerismo, lo que facilit\u00f3 su incorporaci\u00f3n a los bloques parlamentarios. Pero las&nbsp;<strong>negociaciones con el gobierno de Javier Milei<\/strong>&nbsp;por el Presupuesto 2026 lo llevaron a reunirse con el ministro del Interior,&nbsp;<strong>Diego Santilli<\/strong>&nbsp;\u2014que este viernes estar\u00e1 en su provincia\u2014 y sus posiciones internas est\u00e1n ahora en pleno debate.<\/p>\n\n\n\n<p>Incluso ya trabaja en un&nbsp;<strong>encuentro con otros gobernadores<\/strong>, con di\u00e1logo con la Casa Rosada, para discutir la postura de las provincias en el Congreso y en las reuniones con funcionarios del Gobierno nacional.<\/p>\n\n\n\n<p>Con este escenario, el<strong>&nbsp;plan de Mayans<\/strong>&nbsp;\u2014que comenz\u00f3 la semana reuniendo a legisladores, diputados y dirigentes en la sede del PJ en Matheu\u2014 qued\u00f3, por ahora,&nbsp;<strong>suspendido<\/strong>.<\/p>\n\n\n\n<p>Los senadores que crearon Convicci\u00f3n Federal, encabezados por Salino junto a Mois\u00e9s, Guillermo Andrada y Fernando Rejal,&nbsp;<strong>no tienen intenci\u00f3n de unificarse<\/strong>&nbsp;y podr\u00edan actuar de manera&nbsp;<strong>independiente<\/strong>. El&nbsp;<strong>paraguas de UxP<\/strong>, que conten\u00eda a las diferentes tribus del peronismo, se cerrar\u00eda a partir del&nbsp;<strong>10 de diciembre<\/strong>, cuando se reconfigure la C\u00e1mara alta tras los comicios del 26 de octubre.<\/p>\n\n\n\n<h2 class=\"wp-block-heading\">Las cr\u00edticas de Carolina Mois\u00e9s<\/h2>\n\n\n\n<figure class=\"wp-block-image\"><img decoding=\"async\" src=\"https:\/\/tn.com.ar\/resizer\/v2\/carolina-moises-senadora-bloque-conviccion-federal-foto-camara-de-senadores-OMBLNWVNVZHYFPWTPS4GHYPB2M.JPG?auth=a0fc6fdf4a82a528dcc63d56300284dd2eb1ee60273dde5c715b9d87da2adefe&amp;width=767\" alt=\"Carolina Mois\u00e9s, senadora bloque Convicci\u00f3n Federal. Foto C\u00e1mara de Senadores\"\/><\/figure>\n\n\n\n<p>Mois\u00e9s fue tajante tras conocerse la idea de avanzar hacia un bloque \u00fanico llamado Justicialista. \u201cS<strong>iguen declarando \u2018unidad\u2019 sin convocar a nadie<\/strong>. Siguen imponiendo sin consensuar ni una idea. \u00bfUnidad es con otros o con ellos mismos? Puros, el que piense distinto que se vaya. Me parece que ese es el mensaje de hoy.&nbsp;<strong>Subordinaci\u00f3n o traici\u00f3n<\/strong>\u201d, escribi\u00f3 en redes la senadora juje\u00f1a.<\/p>\n\n\n\n<p>Desde Convicci\u00f3n Federal recuerdan que su salida del bloque, el 19 de marzo, respondi\u00f3 al&nbsp;<strong>cuestionamiento a la conducci\u00f3n de Cristina Kirchner<\/strong>&nbsp;en el PJ nacional. En aquel momento reclamaron abrir los debates, federalizar la discusi\u00f3n y representar al peronismo del interior.<\/p>\n\n\n\n<p>\u201cDe esta manera se refuerza la estrategia de apertura y debate interno; los miembros formar\u00e1n parte de las decisiones sobre temas estrat\u00e9gicos, sumando voces en oposici\u00f3n al Gobierno Nacional\u201d, afirmaron en el documento fundacional de la bancada.<\/p>\n\n\n\n<p>Aunque en aquel momento decidieron seguir bajo el paraguas de UxP, hoy esa definici\u00f3n volvi\u00f3 a quedar en discusi\u00f3n y&nbsp;<strong>podr\u00eda derivar en una ruptura definitiva<\/strong>&nbsp;con Mayans. Incluso sospechan que&nbsp;<strong>otros legisladores podr\u00edan sumarse<\/strong>&nbsp;a su espacio.<\/p>\n\n\n\n<h2 class=\"wp-block-heading\">El rol de los gobernadores<\/h2>\n\n\n\n<figure class=\"wp-block-image\"><img decoding=\"async\" src=\"https:\/\/tn.com.ar\/resizer\/v2\/sintonia-durante-la-ultima-semana-entre-gustavo-saenz-gobernador-de-salta-y-marcelo-lewandowski-senador-uxp-foto-x-marcelewan-5GMESXX7OBCFFLMUH6NDRIMXJQ.JPG?auth=24b51fa726fd7b6d78c8f310bdc47f57fbd70f1125257038bd1fbb1ef269bb01&amp;width=767\" alt=\"Sinton\u00eda durante la ultima semana entre Gustavo S\u00e1enz, gobernador de Salta y Marcelo Lewandowski, senador UxP. Foto x @marcelewan\"\/><\/figure>\n\n\n\n<p>Los&nbsp;<strong>gobernadores&nbsp;<\/strong>tienen incidencia directa en la recomposici\u00f3n del peronismo en el Senado. En Convicci\u00f3n Federal,&nbsp;<strong>Guillermo Andrada<\/strong>&nbsp;responde al mandatario catamarque\u00f1o&nbsp;<strong>Ra\u00fal Jalil<\/strong>, que&nbsp;<strong>eval\u00faa crear su propio sector<\/strong>&nbsp;legislativo por fuera de UxP y es se\u00f1alado por algunos como influenciado por Cristina Kirchner.<\/p>\n\n\n\n<p><strong>Gustavo S\u00e1enz<\/strong>, gobernador de Salta, tendr\u00e1 a su propia senadora, la electa&nbsp;<strong>Flavia Roy\u00f3n<\/strong>, y piensa en conformar un interbloque federal bajo el sello Innovaci\u00f3n Federal, replicando la bancada de Diputados. All\u00ed ya se encuentran los representantes de&nbsp;<strong>Misiones y Neuqu\u00e9n<\/strong>, pero busca sumar a m\u00e1s provincias.<\/p>\n\n\n\n<p>Tambi\u00e9n se reuni\u00f3 recientemente con el santafesino&nbsp;<strong>Marcelo Lewandowski<\/strong>, encuentro que ambos difundieron en redes. En La Pampa,&nbsp;<strong>Sergio Ziliotto<\/strong>&nbsp;influye en la posici\u00f3n de su senador&nbsp;<strong>Pablo Bensus\u00e1n<\/strong>, que espera definiciones sobre un eventual salto pol\u00edtico.<\/p>\n\n\n\n<h2 class=\"wp-block-heading\">Un escenario incierto en la C\u00e1mara alta<\/h2>\n\n\n\n<figure class=\"wp-block-image\"><img decoding=\"async\" src=\"https:\/\/tn.com.ar\/resizer\/v2\/fuerza-patria-seguiria-siendo-la-primera-minoria-foto-prensa-senado-7C6HL5JRUFE6BGJBZ4RDRTJ3T4.jpg?auth=6cfbd0cd65b715e42fa4744a4e72be9011b83e3aeb680e6cadb2bfff3bbd5c94&amp;width=767\" alt=\"Fuerza Patria seguir\u00eda siendo la primera minor\u00eda. (Foto: prensa Senado)\"\/><\/figure>\n\n\n\n<p>Desde diciembre, el Senado conducido por&nbsp;<strong>Victoria Villarruel<\/strong>&nbsp;tendr\u00e1 una&nbsp;<strong>bancada oficialista de 20 senadores nacionales<\/strong>&nbsp;liderados por&nbsp;<strong>Patricia Bullrich<\/strong>.&nbsp;<strong>Fuerza Patria<\/strong>&nbsp;\u2014o Bloque Justicialista\u2014 ser\u00eda la&nbsp;<strong>primera minor\u00eda con 24 miembros<\/strong>&nbsp;si se concreta la salida de Convicci\u00f3n Federal, pero el n\u00famero&nbsp;<strong>podr\u00eda bajar a 22&nbsp;<\/strong>si Zamora y Elia Moreno arman su propio sector.<\/p>\n\n\n\n<p>Ese escenario complica al kirchnerismo:&nbsp;<strong>Javier Milei<\/strong>&nbsp;<strong>no necesitar\u00eda negociar con Cristina Kirchner o con La C\u00e1mpora<\/strong>&nbsp;para alcanzar los&nbsp;<strong>dos tercios<\/strong>&nbsp;necesarios para designar ministros de la Corte Suprema o al Procurador General, nombramientos que requieren mayor\u00edas especiales. Los acuerdos podr\u00edan pasar, en cambio, por los gobernadores y por senadores ya ubicados por fuera de Fuerza Patria.<\/p>\n\n\n\n<p>La&nbsp;<strong>UCR quedar\u00e1 con diez senadores<\/strong>&nbsp;y deber\u00e1 resolver si mantiene al correntino Eduardo Vischi como titular del bloque. El&nbsp;<strong>PRO<\/strong>, encabezado por Mart\u00edn Goerling Lara, tendr\u00e1&nbsp;<strong>cuatro integrantes<\/strong>&nbsp;y podr\u00eda seguir articulando con la tucumana Beatriz \u00c1vila.&nbsp;<strong>Provincias Unidas<\/strong>&nbsp;contar\u00e1 con&nbsp;<strong>tres bancas<\/strong>&nbsp;\u2014Alejandra Vigo, Carlos Esp\u00ednola y Edith Terenzi\u2014 y el&nbsp;<strong>Frente Renovador de la Concordia<\/strong>&nbsp;de Misiones retendr\u00e1&nbsp;<strong>dos esca\u00f1os<\/strong>, representados por Carlos Arce y Sonia Rojas Decut.<\/p>\n\n\n\n<p><\/p>\n","protected":false},"excerpt":{"rendered":"<p>El bloque kirchnerista podr\u00eda perder m\u00e1s integrantes si se independizan los representantes de Convicci\u00f3n Federal y si Gerardo Zamora arma su propia bancada. Qu\u00e9 dicen en cada espacio y c\u00f3mo&hellip; <\/p>\n","protected":false},"author":8,"featured_media":236746,"comment_status":"closed","ping_status":"open","sticky":false,"template":"","format":"standard","meta":{"footnotes":""},"categories":[3],"tags":[],"class_list":["post-236745","post","type-post","status-publish","format-standard","has-post-thumbnail","hentry","category-politica"],"_links":{"self":[{"href":"https:\/\/corrientesdetarde.com\/index.php\/wp-json\/wp\/v2\/posts\/236745","targetHints":{"allow":["GET"]}}],"collection":[{"href":"https:\/\/corrientesdetarde.com\/index.php\/wp-json\/wp\/v2\/posts"}],"about":[{"href":"https:\/\/corrientesdetarde.com\/index.php\/wp-json\/wp\/v2\/types\/post"}],"author":[{"embeddable":true,"href":"https:\/\/corrientesdetarde.com\/index.php\/wp-json\/wp\/v2\/users\/8"}],"replies":[{"embeddable":true,"href":"https:\/\/corrientesdetarde.com\/index.php\/wp-json\/wp\/v2\/comments?post=236745"}],"version-history":[{"count":1,"href":"https:\/\/corrientesdetarde.com\/index.php\/wp-json\/wp\/v2\/posts\/236745\/revisions"}],"predecessor-version":[{"id":236747,"href":"https:\/\/corrientesdetarde.com\/index.php\/wp-json\/wp\/v2\/posts\/236745\/revisions\/236747"}],"wp:featuredmedia":[{"embeddable":true,"href":"https:\/\/corrientesdetarde.com\/index.php\/wp-json\/wp\/v2\/media\/236746"}],"wp:attachment":[{"href":"https:\/\/corrientesdetarde.com\/index.php\/wp-json\/wp\/v2\/media?parent=236745"}],"wp:term":[{"taxonomy":"category","embeddable":true,"href":"https:\/\/corrientesdetarde.com\/index.php\/wp-json\/wp\/v2\/categories?post=236745"},{"taxonomy":"post_tag","embeddable":true,"href":"https:\/\/corrientesdetarde.com\/index.php\/wp-json\/wp\/v2\/tags?post=236745"}],"curies":[{"name":"wp","href":"https:\/\/api.w.org\/{rel}","templated":true}]}}