{"id":236748,"date":"2025-11-20T16:12:43","date_gmt":"2025-11-20T19:12:43","guid":{"rendered":"https:\/\/corrientesdetarde.com\/?p=236748"},"modified":"2025-11-20T16:12:50","modified_gmt":"2025-11-20T19:12:50","slug":"el-presidente-de-bolivia-echo-al-ministro-de-justicia-porque-oculto-que-habia-sido-condenado-a-prision","status":"publish","type":"post","link":"https:\/\/corrientesdetarde.com\/index.php\/internacionales\/el-presidente-de-bolivia-echo-al-ministro-de-justicia-porque-oculto-que-habia-sido-condenado-a-prision\/","title":{"rendered":"El presidente de Bolivia ech\u00f3 al ministro de Justicia porque ocult\u00f3 que hab\u00eda sido condenado a prisi\u00f3n"},"content":{"rendered":"\n<p>El ahora exfuncionario hab\u00eda sido condenado en 2015. Ante el esc\u00e1ndalo, Paz lo removi\u00f3 del cargo y design\u00f3 a Jorge Franz Garc\u00eda como nuevo titular de esa cartera.<\/p>\n\n\n\n<p>El ministro&nbsp;<strong>Freddy Vidovic<\/strong>&nbsp;asumi\u00f3 el cargo el 9 de noviembre, tras el juramento de paz para un per\u00edodo de cinco a\u00f1os.<\/p>\n\n\n\n<p>Doce d\u00edas despu\u00e9s de que asumi\u00f3 el nuevo gobierno, el presidente de Bolivia,&nbsp;<strong>Rodrigo Paz<\/strong>, removi\u00f3 este jueves al ministro de Justicia, envuelto en un esc\u00e1ndalo por una condena de prisi\u00f3n que quiso mantener oculta.<\/p>\n\n\n\n<p>El ahora exfuncionario hab\u00eda sido condenado en 2015 a tres a\u00f1os de prisi\u00f3n por cohecho en favor del empresario peruano Mart\u00edn Bela\u00fande, quien fue asesor del expresidente Ollanta Humala.<\/p>\n\n\n\n<p>Bela\u00fande fue capturado en Bolivia hace 10 a\u00f1os y entregado a la justicia peruana por pedido de Lima, que lo reclamaba por v\u00ednculos en un caso de corrupci\u00f3n que afect\u00f3 a Humala, preso por corrupci\u00f3n.<\/p>\n\n\n\n<h2 class=\"wp-block-heading\">\u201cNo pod\u00eda ejercer\u201d<\/h2>\n\n\n\n<p>Uno de los abogados del empresario era Vidovic, quien fue se\u00f1alado de apoyar al exasesor presidencial peruano en un intento fallido de fuga de Bolivia.<\/p>\n\n\n\n<p>Ante el esc\u00e1ndalo, Paz lo removi\u00f3 del cargo y design\u00f3 a&nbsp;<strong>Jorge Franz Garc\u00eda<\/strong>&nbsp;como nuevo ministro de Justicia, seg\u00fan el decreto publicado este jueves.<\/p>\n\n\n\n<figure class=\"wp-block-image\"><img decoding=\"async\" src=\"https:\/\/tn.com.ar\/resizer\/v2\/el-presidente-boliviano-rodrigo-paz-foto-reuters-3QTZPSNTBFAQPGAXNBY3ZUSQ44.jpg?auth=537828e344482478fdcc24a92247e38f1921a25ba88823f213276ef79cb7649b&amp;width=767\" alt=\"El presidente boliviano, Rodrigo Paz (Foto: Reuters)\"\/><\/figure>\n\n\n\n<p>El ministro de Gobierno Marco Antonio Oviedo revel\u00f3 la noche del mi\u00e9rcoles que exist\u00eda la sentencia de tres a\u00f1os contra Vidovic, y que, por lo tanto, \u201c<strong>no pod\u00eda ejercitar cargo p\u00fablico<\/strong>\u201d.<\/p>\n\n\n\n<p>Antes de conocer su destituci\u00f3n, Vidovic reconoci\u00f3 en su cuenta de Facebook que fue condenado, pero que entonces sufri\u00f3 \u201csecuestro y tortura\u201d y que el fallo estuvo \u201cviciado de nulidad\u201d.<\/p>\n\n\n\n<p>Las autoridades no precisaron si el exministro cumpli\u00f3 su condena.<\/p>\n\n\n\n<p>Paz asumi\u00f3 la presidencia el 8 de noviembre tras 20 a\u00f1os de gobierno de izquierda.<\/p>\n","protected":false},"excerpt":{"rendered":"<p>El ahora exfuncionario hab\u00eda sido condenado en 2015. Ante el esc\u00e1ndalo, Paz lo removi\u00f3 del cargo y design\u00f3 a Jorge Franz Garc\u00eda como nuevo titular de esa cartera. El ministro&nbsp;Freddy&hellip; <\/p>\n","protected":false},"author":8,"featured_media":236749,"comment_status":"closed","ping_status":"open","sticky":false,"template":"","format":"standard","meta":{"footnotes":""},"categories":[11],"tags":[],"class_list":["post-236748","post","type-post","status-publish","format-standard","has-post-thumbnail","hentry","category-internacionales"],"_links":{"self":[{"href":"https:\/\/corrientesdetarde.com\/index.php\/wp-json\/wp\/v2\/posts\/236748","targetHints":{"allow":["GET"]}}],"collection":[{"href":"https:\/\/corrientesdetarde.com\/index.php\/wp-json\/wp\/v2\/posts"}],"about":[{"href":"https:\/\/corrientesdetarde.com\/index.php\/wp-json\/wp\/v2\/types\/post"}],"author":[{"embeddable":true,"href":"https:\/\/corrientesdetarde.com\/index.php\/wp-json\/wp\/v2\/users\/8"}],"replies":[{"embeddable":true,"href":"https:\/\/corrientesdetarde.com\/index.php\/wp-json\/wp\/v2\/comments?post=236748"}],"version-history":[{"count":1,"href":"https:\/\/corrientesdetarde.com\/index.php\/wp-json\/wp\/v2\/posts\/236748\/revisions"}],"predecessor-version":[{"id":236750,"href":"https:\/\/corrientesdetarde.com\/index.php\/wp-json\/wp\/v2\/posts\/236748\/revisions\/236750"}],"wp:featuredmedia":[{"embeddable":true,"href":"https:\/\/corrientesdetarde.com\/index.php\/wp-json\/wp\/v2\/media\/236749"}],"wp:attachment":[{"href":"https:\/\/corrientesdetarde.com\/index.php\/wp-json\/wp\/v2\/media?parent=236748"}],"wp:term":[{"taxonomy":"category","embeddable":true,"href":"https:\/\/corrientesdetarde.com\/index.php\/wp-json\/wp\/v2\/categories?post=236748"},{"taxonomy":"post_tag","embeddable":true,"href":"https:\/\/corrientesdetarde.com\/index.php\/wp-json\/wp\/v2\/tags?post=236748"}],"curies":[{"name":"wp","href":"https:\/\/api.w.org\/{rel}","templated":true}]}}