{"id":236758,"date":"2025-11-20T20:20:23","date_gmt":"2025-11-20T23:20:23","guid":{"rendered":"https:\/\/corrientesdetarde.com\/?p=236758"},"modified":"2025-11-20T20:20:29","modified_gmt":"2025-11-20T23:20:29","slug":"valdes-recorrio-el-puerto-de-jnpa-en-mumbai-y-avanzo-en-acuerdos-de-cooperacion","status":"publish","type":"post","link":"https:\/\/corrientesdetarde.com\/index.php\/actualidad\/valdes-recorrio-el-puerto-de-jnpa-en-mumbai-y-avanzo-en-acuerdos-de-cooperacion\/","title":{"rendered":"Vald\u00e9s recorri\u00f3 el puerto de JNPA en Mumbai y avanz\u00f3 en acuerdos de cooperaci\u00f3n"},"content":{"rendered":"\n<p>En el marco de su misi\u00f3n oficial en la India, este jueves, el gobernador Gustavo Vald\u00e9s visit\u00f3 las instalaciones de JNPA, la empresa que opera el puerto de contenedores Jawaharlal Nehru, ubicado en Navi Mumbai, uno de los nodos log\u00edsticos m\u00e1s importantes del pa\u00eds asi\u00e1tico. Durante el recorrido, el mandatario correntino tom\u00f3 contacto con los procesos tecnol\u00f3gicos y de infraestructura que sostienen el alto volumen de operaciones de la terminal portuaria.<\/p>\n\n\n\n<p>Tras la recorrida, Vald\u00e9s mantuvo una reuni\u00f3n de trabajo con las autoridades de JNPA, quienes manifestaron su inter\u00e9s en fortalecer la vinculaci\u00f3n con la Argentina y se comprometieron a visitar Corrientes para avanzar en la firma de un convenio de cooperaci\u00f3n. El objetivo, es profundizar el intercambio en materia tecnol\u00f3gica, log\u00edstica y de desarrollo portuario.<\/p>\n\n\n\n<p>\u201cEstamos viniendo a Mumbai a ver todo el potencial mar\u00edtimo, y todo lo que necesitamos tener de tecnolog\u00eda, c\u00f3mo necesitamos trabajar para construir el futuro y ensamblar a la Rep\u00fablica Argentina, a Corrientes, con la India y con Mumbai\u201d, declar\u00f3 Vald\u00e9s al t\u00e9rmino del encuentro que calific\u00f3 como \u201cuna experiencia muy buena\u201d.<\/p>\n\n\n\n<p>\u201cEstamos proponiendo firmar convenios para transferencia tecnol\u00f3gica, para aprender y complementarnos\u201d, finaliz\u00f3 el Mandatario.<\/p>\n","protected":false},"excerpt":{"rendered":"<p>En el marco de su misi\u00f3n oficial en la India, este jueves, el gobernador Gustavo Vald\u00e9s visit\u00f3 las instalaciones de JNPA, la empresa que opera el puerto de contenedores Jawaharlal&hellip; <\/p>\n","protected":false},"author":4,"featured_media":236760,"comment_status":"closed","ping_status":"open","sticky":false,"template":"","format":"standard","meta":{"footnotes":""},"categories":[23],"tags":[],"class_list":["post-236758","post","type-post","status-publish","format-standard","has-post-thumbnail","hentry","category-actualidad"],"_links":{"self":[{"href":"https:\/\/corrientesdetarde.com\/index.php\/wp-json\/wp\/v2\/posts\/236758","targetHints":{"allow":["GET"]}}],"collection":[{"href":"https:\/\/corrientesdetarde.com\/index.php\/wp-json\/wp\/v2\/posts"}],"about":[{"href":"https:\/\/corrientesdetarde.com\/index.php\/wp-json\/wp\/v2\/types\/post"}],"author":[{"embeddable":true,"href":"https:\/\/corrientesdetarde.com\/index.php\/wp-json\/wp\/v2\/users\/4"}],"replies":[{"embeddable":true,"href":"https:\/\/corrientesdetarde.com\/index.php\/wp-json\/wp\/v2\/comments?post=236758"}],"version-history":[{"count":1,"href":"https:\/\/corrientesdetarde.com\/index.php\/wp-json\/wp\/v2\/posts\/236758\/revisions"}],"predecessor-version":[{"id":236761,"href":"https:\/\/corrientesdetarde.com\/index.php\/wp-json\/wp\/v2\/posts\/236758\/revisions\/236761"}],"wp:featuredmedia":[{"embeddable":true,"href":"https:\/\/corrientesdetarde.com\/index.php\/wp-json\/wp\/v2\/media\/236760"}],"wp:attachment":[{"href":"https:\/\/corrientesdetarde.com\/index.php\/wp-json\/wp\/v2\/media?parent=236758"}],"wp:term":[{"taxonomy":"category","embeddable":true,"href":"https:\/\/corrientesdetarde.com\/index.php\/wp-json\/wp\/v2\/categories?post=236758"},{"taxonomy":"post_tag","embeddable":true,"href":"https:\/\/corrientesdetarde.com\/index.php\/wp-json\/wp\/v2\/tags?post=236758"}],"curies":[{"name":"wp","href":"https:\/\/api.w.org\/{rel}","templated":true}]}}