{"id":236764,"date":"2025-11-20T20:54:45","date_gmt":"2025-11-20T23:54:45","guid":{"rendered":"https:\/\/corrientesdetarde.com\/?p=236764"},"modified":"2025-11-20T20:54:50","modified_gmt":"2025-11-20T23:54:50","slug":"la-magia-de-los-esteros-destella-en-los-ultimos-ensayos-antes-del-estreno-y-con-entradas-agotadas","status":"publish","type":"post","link":"https:\/\/corrientesdetarde.com\/index.php\/actualidad\/la-magia-de-los-esteros-destella-en-los-ultimos-ensayos-antes-del-estreno-y-con-entradas-agotadas\/","title":{"rendered":"La magia de los Esteros destella en los \u00faltimos ensayos antes del estreno y con entradas agotadas"},"content":{"rendered":"\n<p><em>El musical, realizado con la adaptaci\u00f3n de la serie original que la productora 2047 lanz\u00f3 hace dos a\u00f1os en la plataforma Educaplay con gui\u00f3n de Mart\u00edn Baintraub est\u00e1 a menos de una semana de estrenarse y ya agot\u00f3 la entradas para la funci\u00f3n abierta del jueves 27. Los protagonistas contaron detalles de c\u00f3mo ser\u00e1 la historia que marcar\u00e1 un precedente en las realizaciones teatrales para la regi\u00f3n.<\/em><\/p>\n\n\n\n<figure class=\"wp-block-image size-full\"><img loading=\"lazy\" decoding=\"async\" width=\"670\" height=\"815\" src=\"https:\/\/corrientesdetarde.com\/wp-content\/uploads\/2025\/11\/Captura-de-pantalla-2025-11-20-204105.png\" alt=\"\" class=\"wp-image-236767\" srcset=\"https:\/\/corrientesdetarde.com\/wp-content\/uploads\/2025\/11\/Captura-de-pantalla-2025-11-20-204105.png 670w, https:\/\/corrientesdetarde.com\/wp-content\/uploads\/2025\/11\/Captura-de-pantalla-2025-11-20-204105-247x300.png 247w\" sizes=\"auto, (max-width: 670px) 100vw, 670px\" \/><\/figure>\n\n\n\n<p>Desde las redes sociales de Epopeya del Iber\u00e1 (@epopeyadelibera) anunciaron este jueves que las entradas que estaban disponibles para ser retiradas para el p\u00fablico en general para la funci\u00f3n del musical del pr\u00f3ximo jueves 27 de noviembre ya se agotaron y celebraron la fuerte convocatoria que tiene la propuesta, donde unos 40 artistas prometen brindar una experiencia sensorial sin precedentes junto a la utilizaci\u00f3n de la tecnolog\u00eda, que apela a llegar al coraz\u00f3n de los correntinos desde su identidad y el orgullo de \u201cdefender lo nuestro\u201d.<\/p>\n\n\n\n<p>Se trata de \u201cun proyecto muy ambicioso\u201d, describi\u00f3 Sof\u00eda Morales, la cantante folkl\u00f3rica oriunda de San Miguel , que conquist\u00f3 el coraz\u00f3n de los argentinos luego de su participaci\u00f3n en La Voz Argentina y luego integrar su v\u00ednculo art\u00edstico con Soledad Pastorutti.<\/p>\n\n\n\n<p>Junto a Gustavo Carrizo, director de la propuesta teatral que se basa en la serie del mismo nombre con miles de reproducciones en la plataforma Educaplay, la joven detall\u00f3 que la iniciativa la emociona y la interpela desde el desaf\u00edo de \u201ccantar e intentar actuar tambi\u00e9n un poco\u201d. As\u00ed, se refiri\u00f3 a la historia, basada en el guion original de Martin Baintraub, como la narrativa que \u201ccuenta la magia que tienen nuestros esteros, nuestros paisajes, y tambi\u00e9n nuestras costumbres, ligados al deseo de poder cuidar lo que es nuestro y concientiza a los chicos, que son los que van a quedarse con ese legado, para que crezcan con la idea de poder valorar lo que es nuestro\u201d, resumi\u00f3.<\/p>\n\n\n\n<p>En di\u00e1logo con distintos medios durante este jueves, ambos referentes de la obra que estar\u00e1 lista para estrenarse el mi\u00e9rcoles pr\u00f3ximo, destacaron tambi\u00e9n la apuesta del gobierno de Corrientes y de la productora 2047 por llevar adelante ese desaf\u00edo, en \u201cun hecho art\u00edstico que aporta a la identidad\u201d.<\/p>\n\n\n\n<p>\u201cEn los \u00faltimos a\u00f1os est\u00e1 muy presente en San Miguel, as\u00ed como en cada uno de los portales del Iber\u00e1, la importancia de esa puesta en valor y la gente empez\u00f3 a aportar lo suyo desde ese sentido de pertenencia\u201d, apunt\u00f3 Sof\u00eda, a la vez que Carrizo subray\u00f3 la relevancia de \u201cla apuesta, donde para poder funcionar, la productora y el gobierno tuvieron la visi\u00f3n de reencontrarse en el sentido de pertenencia a trav\u00e9s del arte\u201d.<\/p>\n\n\n\n<p>\u201cVeo algo que antes no estaba viendo\u201d, reconoci\u00f3 Carrizo: \u201cfomentar la industria cultural no es solo hacer un espect\u00e1culo, sino tambi\u00e9n darse cuenta que todos los actores y artistas son correntinos y algunos de Chaco, que tienen gran talento, y emociona ver lo que hacen porque viene desde el coraz\u00f3n\u201d, enfatiz\u00f3.<\/p>\n\n\n\n<p><strong>&#8211;<\/strong><\/p>\n\n\n\n<p><strong>El Menchito que es Pomberito<\/strong><\/p>\n\n\n\n<p>\u201cMe llevo muy bien con los del teatro: hacen chistes y hablamos mucho. Los ensayos son muy divertidos, adem\u00e1s conoc\u00ed a profes nuevos de canto y de teatro, adem\u00e1s de a otros chicos\u201d, relat\u00f3 por su parte Laureano Ort\u00edz, de solo 10 a\u00f1os, quien representa con su actuaci\u00f3n y tambi\u00e9n con su talento musical al personaje principal de la historia, El Menchito.<\/p>\n\n\n\n<p>Sobre esa experiencia en los ensayos, el ni\u00f1o destac\u00f3 lo nutritivo de la experiencia con otros artistas de trayectoria, como Sofi Morales o Santiago \u201cBocha\u201d Sheridan. \u201cMe llevo re bien, es un \u00eddolo, un gran artista\u201d, asegur\u00f3.&nbsp; Con la expectativa puesta en las funciones que se representar\u00e1n especialmente para distintas escuelas, Laureano dice que todos los ni\u00f1os, directivos y docentes de su propia escuela N\u00ba 6 ir\u00e1n a verlo en la obra, as\u00ed como su amigo Ciro, un compa\u00f1ero del taller de m\u00fasica que ofrece de manera gratuita CICO, el espacio pol\u00edtico de ciudadanos comprometidos que se enfoca en el chamam\u00e9 para los m\u00e1s peque\u00f1os.<\/p>\n\n\n\n<p>\u201cEl chamam\u00e9 me lleg\u00f3 desde la panza, porque mi mam\u00e1 tocaba la guitarra cuando estaba embarazada. Y lo mismo hac\u00eda mi abuela\u201d, relata Laureano, quien en las \u00faltimas semanas alterna un ratito de juegos en la casa antes de repasar el gui\u00f3n de la obra, con la tarea de prepararse para rendir los ex\u00e1menes cuatrimestrales en el colegio. \u201cMe saqu\u00e9 un 9 en lengua, y ayer rend\u00ed matem\u00e1ticas, no tengo la nota pero creo que estaba bien\u201d, relat\u00f3 el ni\u00f1o, quien comenz\u00f3 a aprender a cantar en el taller de los Pomberitos Cantores, con quienes comparti\u00f3 escenario en el Festival del Chamam\u00e9 por tres a\u00f1os consecutivos.<\/p>\n\n\n\n<p>As\u00ed, tanto para chicos como para grandes, &nbsp;la historia que comienza en la serie con una asamblea de animales silvestres preocupados por desastres ambientales como los incendios y angustiados por la cacer\u00eda de especies en extinci\u00f3n, promete sorprender con la experiencia \u201cinmersiva\u201d de la puesta en escena, pero sobre todo conmover por el talento y el compromiso de cada uno de los artistas, m\u00fasicos y bailarines que llegar\u00e1n al Vera desde el mi\u00e9rcoles al viernes pr\u00f3ximo.<\/p>\n\n\n\n<p>Concebida como contenido educativo, \u201cEpopeya del Iber\u00e1\u201d se presentar\u00e1 para el p\u00fablico escolar el mi\u00e9rcoles 26 en dos funciones, a las 10 y 15 , el jueves 27 a las 15 y el viernes 28 a las 10 y 15.&nbsp;&nbsp;El jueves 27 de noviembre desde las 20 tendr\u00e1 tambi\u00e9n una funci\u00f3n abierta al p\u00fablico, con acceso gratuito y retiro anticipado de entradas, que ya se agotaron en pocos d\u00edas.<\/p>\n","protected":false},"excerpt":{"rendered":"<p>El musical, realizado con la adaptaci\u00f3n de la serie original que la productora 2047 lanz\u00f3 hace dos a\u00f1os en la plataforma Educaplay con gui\u00f3n de Mart\u00edn Baintraub est\u00e1 a menos&hellip; <\/p>\n","protected":false},"author":4,"featured_media":236766,"comment_status":"closed","ping_status":"open","sticky":false,"template":"","format":"standard","meta":{"footnotes":""},"categories":[23],"tags":[],"class_list":["post-236764","post","type-post","status-publish","format-standard","has-post-thumbnail","hentry","category-actualidad"],"_links":{"self":[{"href":"https:\/\/corrientesdetarde.com\/index.php\/wp-json\/wp\/v2\/posts\/236764","targetHints":{"allow":["GET"]}}],"collection":[{"href":"https:\/\/corrientesdetarde.com\/index.php\/wp-json\/wp\/v2\/posts"}],"about":[{"href":"https:\/\/corrientesdetarde.com\/index.php\/wp-json\/wp\/v2\/types\/post"}],"author":[{"embeddable":true,"href":"https:\/\/corrientesdetarde.com\/index.php\/wp-json\/wp\/v2\/users\/4"}],"replies":[{"embeddable":true,"href":"https:\/\/corrientesdetarde.com\/index.php\/wp-json\/wp\/v2\/comments?post=236764"}],"version-history":[{"count":1,"href":"https:\/\/corrientesdetarde.com\/index.php\/wp-json\/wp\/v2\/posts\/236764\/revisions"}],"predecessor-version":[{"id":236768,"href":"https:\/\/corrientesdetarde.com\/index.php\/wp-json\/wp\/v2\/posts\/236764\/revisions\/236768"}],"wp:featuredmedia":[{"embeddable":true,"href":"https:\/\/corrientesdetarde.com\/index.php\/wp-json\/wp\/v2\/media\/236766"}],"wp:attachment":[{"href":"https:\/\/corrientesdetarde.com\/index.php\/wp-json\/wp\/v2\/media?parent=236764"}],"wp:term":[{"taxonomy":"category","embeddable":true,"href":"https:\/\/corrientesdetarde.com\/index.php\/wp-json\/wp\/v2\/categories?post=236764"},{"taxonomy":"post_tag","embeddable":true,"href":"https:\/\/corrientesdetarde.com\/index.php\/wp-json\/wp\/v2\/tags?post=236764"}],"curies":[{"name":"wp","href":"https:\/\/api.w.org\/{rel}","templated":true}]}}