{"id":236769,"date":"2025-11-20T21:08:34","date_gmt":"2025-11-21T00:08:34","guid":{"rendered":"https:\/\/corrientesdetarde.com\/?p=236769"},"modified":"2025-11-20T21:08:46","modified_gmt":"2025-11-21T00:08:46","slug":"la-provincia-realizara-un-acto-en-el-marco-del-dia-internacional-de-la-eliminacion-de-la-violencia-contra-la-mujer","status":"publish","type":"post","link":"https:\/\/corrientesdetarde.com\/index.php\/destacados\/la-provincia-realizara-un-acto-en-el-marco-del-dia-internacional-de-la-eliminacion-de-la-violencia-contra-la-mujer\/","title":{"rendered":"La Provincia realizar\u00e1 un acto en el marco del D\u00eda Internacional de la Eliminaci\u00f3n de la Violencia contra la Mujer"},"content":{"rendered":"\n<p>El Gobierno de Corrientes realizar\u00e1 este martes 25 a las 10 de la ma\u00f1ana, un acto en el Sal\u00f3n Verde de la Gobernaci\u00f3n, en el marco del D\u00eda Internacional de la Eliminaci\u00f3n de la Violencia contra la Mujer. La actividad es organizada por el Ministerio de Desarrollo Social, a trav\u00e9s del Consejo Provincial de la Mujer.<\/p>\n\n\n\n<p>En el marco de la conmemoraci\u00f3n por el D\u00eda Internacional de la Eliminaci\u00f3n de la Violencia contra la Mujer, se presentar\u00e1&nbsp; un informe en conjunto&nbsp; con&nbsp; el Instituto Provincial de Estad\u00edstica y Ciencia de Datos (IPECD) donde se mostrar\u00e1n los datos del trabajo 2025.<\/p>\n\n\n\n<p>Cabe recordar que esta fecha es muy significativa y fue establecida por la ONU en 1999 para visibilizar y combatir la violencia de g\u00e9nero y honrar la memoria de las hermanas Mirabal, quienes fueron asesinadas el 25 de noviembre de 1960.<\/p>\n","protected":false},"excerpt":{"rendered":"<p>El Gobierno de Corrientes realizar\u00e1 este martes 25 a las 10 de la ma\u00f1ana, un acto en el Sal\u00f3n Verde de la Gobernaci\u00f3n, en el marco del D\u00eda Internacional de&hellip; <\/p>\n","protected":false},"author":4,"featured_media":236770,"comment_status":"closed","ping_status":"open","sticky":false,"template":"","format":"standard","meta":{"footnotes":""},"categories":[26],"tags":[],"class_list":["post-236769","post","type-post","status-publish","format-standard","has-post-thumbnail","hentry","category-destacados"],"_links":{"self":[{"href":"https:\/\/corrientesdetarde.com\/index.php\/wp-json\/wp\/v2\/posts\/236769","targetHints":{"allow":["GET"]}}],"collection":[{"href":"https:\/\/corrientesdetarde.com\/index.php\/wp-json\/wp\/v2\/posts"}],"about":[{"href":"https:\/\/corrientesdetarde.com\/index.php\/wp-json\/wp\/v2\/types\/post"}],"author":[{"embeddable":true,"href":"https:\/\/corrientesdetarde.com\/index.php\/wp-json\/wp\/v2\/users\/4"}],"replies":[{"embeddable":true,"href":"https:\/\/corrientesdetarde.com\/index.php\/wp-json\/wp\/v2\/comments?post=236769"}],"version-history":[{"count":1,"href":"https:\/\/corrientesdetarde.com\/index.php\/wp-json\/wp\/v2\/posts\/236769\/revisions"}],"predecessor-version":[{"id":236771,"href":"https:\/\/corrientesdetarde.com\/index.php\/wp-json\/wp\/v2\/posts\/236769\/revisions\/236771"}],"wp:featuredmedia":[{"embeddable":true,"href":"https:\/\/corrientesdetarde.com\/index.php\/wp-json\/wp\/v2\/media\/236770"}],"wp:attachment":[{"href":"https:\/\/corrientesdetarde.com\/index.php\/wp-json\/wp\/v2\/media?parent=236769"}],"wp:term":[{"taxonomy":"category","embeddable":true,"href":"https:\/\/corrientesdetarde.com\/index.php\/wp-json\/wp\/v2\/categories?post=236769"},{"taxonomy":"post_tag","embeddable":true,"href":"https:\/\/corrientesdetarde.com\/index.php\/wp-json\/wp\/v2\/tags?post=236769"}],"curies":[{"name":"wp","href":"https:\/\/api.w.org\/{rel}","templated":true}]}}