{"id":236779,"date":"2025-11-20T22:29:06","date_gmt":"2025-11-21T01:29:06","guid":{"rendered":"https:\/\/corrientesdetarde.com\/?p=236779"},"modified":"2025-11-20T22:29:18","modified_gmt":"2025-11-21T01:29:18","slug":"corrientes-es-sede-de-una-nueva-edicion-del-torneo-interescolar","status":"publish","type":"post","link":"https:\/\/corrientesdetarde.com\/index.php\/deportes\/corrientes-es-sede-de-una-nueva-edicion-del-torneo-interescolar\/","title":{"rendered":"Corrientes es sede de una nueva edici\u00f3n del Torneo Interescolar"},"content":{"rendered":"\n<p>Se trata de una competencia que tiene por objetivo afianzar el deporte escolar como herramienta de integraci\u00f3n, formaci\u00f3n en valores y promoci\u00f3n de h\u00e1bitos saludables.<\/p>\n\n\n\n<p>El Ministerio de Educaci\u00f3n de Corrientes, a trav\u00e9s de la Direcci\u00f3n General de Educaci\u00f3n F\u00edsica, lleva adelante las instancias finales del Torneo Interescolar 2025 con importante participaci\u00f3n de instituciones de toda la provincia.<\/p>\n\n\n\n<p>Se trata de una competencia que tiene por objetivo afianzar el deporte escolar como herramienta de integraci\u00f3n, formaci\u00f3n en valores y promoci\u00f3n de h\u00e1bitos saludables.<\/p>\n\n\n\n<p>Al respecto, el director general de Educaci\u00f3n F\u00edsica, Alejandro Simoni, expres\u00f3 que &#8220;estamos transitando las \u00faltimas instancias de las competencias interescolares con un marco incre\u00edble, porque ha crecido la cantidad de chicos que han elegido el deporte y porque en la clase de educaci\u00f3n f\u00edsica se vuelva a proponer diversas alternativas y no solamente los deportes convencionales&#8221;.<\/p>\n\n\n\n<p>Adem\u00e1s, detall\u00f3 que en el programa se realizan competencias de voleibol, b\u00e1squet 3&#215;3, handball, cesto, atletismo y nataci\u00f3n, entre otros deportes.<\/p>\n\n\n\n<p>El funcionario resalt\u00f3 que el jueves 27 de noviembre se jugar\u00e1n las instancias finales de todas las competencias y posteriormente se realizar\u00e1 la premiaci\u00f3n a las instituciones y estudiantes destacados, cerrando as\u00ed un a\u00f1o que destac\u00f3 como &#8220;extremadamente positivo&#8221;.<\/p>\n","protected":false},"excerpt":{"rendered":"<p>Se trata de una competencia que tiene por objetivo afianzar el deporte escolar como herramienta de integraci\u00f3n, formaci\u00f3n en valores y promoci\u00f3n de h\u00e1bitos saludables. El Ministerio de Educaci\u00f3n de&hellip; <\/p>\n","protected":false},"author":4,"featured_media":236800,"comment_status":"closed","ping_status":"open","sticky":false,"template":"","format":"standard","meta":{"footnotes":""},"categories":[23,4],"tags":[],"class_list":["post-236779","post","type-post","status-publish","format-standard","has-post-thumbnail","hentry","category-actualidad","category-deportes"],"_links":{"self":[{"href":"https:\/\/corrientesdetarde.com\/index.php\/wp-json\/wp\/v2\/posts\/236779","targetHints":{"allow":["GET"]}}],"collection":[{"href":"https:\/\/corrientesdetarde.com\/index.php\/wp-json\/wp\/v2\/posts"}],"about":[{"href":"https:\/\/corrientesdetarde.com\/index.php\/wp-json\/wp\/v2\/types\/post"}],"author":[{"embeddable":true,"href":"https:\/\/corrientesdetarde.com\/index.php\/wp-json\/wp\/v2\/users\/4"}],"replies":[{"embeddable":true,"href":"https:\/\/corrientesdetarde.com\/index.php\/wp-json\/wp\/v2\/comments?post=236779"}],"version-history":[{"count":1,"href":"https:\/\/corrientesdetarde.com\/index.php\/wp-json\/wp\/v2\/posts\/236779\/revisions"}],"predecessor-version":[{"id":236801,"href":"https:\/\/corrientesdetarde.com\/index.php\/wp-json\/wp\/v2\/posts\/236779\/revisions\/236801"}],"wp:featuredmedia":[{"embeddable":true,"href":"https:\/\/corrientesdetarde.com\/index.php\/wp-json\/wp\/v2\/media\/236800"}],"wp:attachment":[{"href":"https:\/\/corrientesdetarde.com\/index.php\/wp-json\/wp\/v2\/media?parent=236779"}],"wp:term":[{"taxonomy":"category","embeddable":true,"href":"https:\/\/corrientesdetarde.com\/index.php\/wp-json\/wp\/v2\/categories?post=236779"},{"taxonomy":"post_tag","embeddable":true,"href":"https:\/\/corrientesdetarde.com\/index.php\/wp-json\/wp\/v2\/tags?post=236779"}],"curies":[{"name":"wp","href":"https:\/\/api.w.org\/{rel}","templated":true}]}}