{"id":236802,"date":"2025-11-20T22:30:29","date_gmt":"2025-11-21T01:30:29","guid":{"rendered":"https:\/\/corrientesdetarde.com\/?p=236802"},"modified":"2025-11-20T22:30:41","modified_gmt":"2025-11-21T01:30:41","slug":"la-polemica-decision-de-la-afa-por-que-rosario-central-es-campeon-de-la-liga-2025","status":"publish","type":"post","link":"https:\/\/corrientesdetarde.com\/index.php\/deportes\/la-polemica-decision-de-la-afa-por-que-rosario-central-es-campeon-de-la-liga-2025\/","title":{"rendered":"La pol\u00e9mica decisi\u00f3n de la AFA: por qu\u00e9 Rosario Central es campe\u00f3n de la Liga 2025"},"content":{"rendered":"\n<p>El Canalla fue reconocido tras finalizar en lo m\u00e1s alto de la Tabla Anual en una reuni\u00f3n en las oficinas de la Liga Profesional en Puerto Madero.<\/p>\n\n\n\n<p>Rosario Central fue reconocido este jueves como campe\u00f3n de la Liga Profesional 2025 tras finalizar en lo m\u00e1s alto de la Tabla Anual. En una reuni\u00f3n encabezada por Claudio Tapia y Francisco Duarte, CEO de la Liga, los dirigentes definieron detalles de la temporada 2026 y acordaron dejar sin efecto la Supercopa Internacional, lo que otorg\u00f3 al Canalla el m\u00e9rito de ser el mejor equipo del a\u00f1o.<\/p>\n\n\n\n<p>La decisi\u00f3n se bas\u00f3 en la campa\u00f1a s\u00f3lida del conjunto de Ariel Holan, que termin\u00f3 el 2025 como l\u00edder absoluto de la Tabla Anual con 66 puntos, superando por cuatro unidades a Boca. Central hab\u00eda dominado la Zona B tanto en el Apertura como en el Clausura y sostuvo una regularidad notable en toda la temporada.<\/p>\n\n\n\n<p><br><strong>El a\u00f1o perfecto de Central: casi invicto, l\u00edder absoluto y con boleto a la Libertadores 2026<\/strong><\/p>\n\n\n\n<p><br>El equipo rosarino se mostr\u00f3 imbatible en el Gigante de Arroyito, donde no perdi\u00f3 ning\u00fan partido durante el Clausura: sum\u00f3 15 puntos gracias a 3 victorias y 6 empates.<\/p>\n\n\n\n<p>Esa fortaleza como local se combin\u00f3 con un rendimiento sobresaliente en condici\u00f3n de visitante, donde cosech\u00f3 16 unidades con 5 triunfos, 1 empate y solo una ca\u00edda, la del \u00faltimo fin de semana ante Independiente.<\/p>\n\n\n\n<p>A lo largo del a\u00f1o, Central apenas sufri\u00f3 dos derrotas: ante Boca por la fecha 8 del Apertura y frente al Rojo en la recta final del Clausura.<\/p>\n\n\n\n<p>Su rendimiento le permiti\u00f3 asegurarse el primer puesto de la Tabla Anual con anticipaci\u00f3n y, adem\u00e1s, garantizar su clasificaci\u00f3n tanto a la Copa Libertadores 2026 como a la ya cancelada Supercopa Internacional 2025.<\/p>\n\n\n\n<p>Boca, por su parte, complet\u00f3 una temporada s\u00f3lida como l\u00edder de la Zona A, aunque no logr\u00f3 alcanzar al Canalla en la sumatoria general.<\/p>\n\n\n\n<p>El Xeneize sum\u00f3 29 puntos en su grupo y sell\u00f3 tambi\u00e9n su boleto a la Libertadores, pero qued\u00f3 por detr\u00e1s del rendimiento rosarino, que se impuso con autoridad a lo largo de todo el a\u00f1o.<\/p>\n","protected":false},"excerpt":{"rendered":"<p>El Canalla fue reconocido tras finalizar en lo m\u00e1s alto de la Tabla Anual en una reuni\u00f3n en las oficinas de la Liga Profesional en Puerto Madero. Rosario Central fue&hellip; <\/p>\n","protected":false},"author":4,"featured_media":236803,"comment_status":"closed","ping_status":"open","sticky":false,"template":"","format":"standard","meta":{"footnotes":""},"categories":[4],"tags":[],"class_list":["post-236802","post","type-post","status-publish","format-standard","has-post-thumbnail","hentry","category-deportes"],"_links":{"self":[{"href":"https:\/\/corrientesdetarde.com\/index.php\/wp-json\/wp\/v2\/posts\/236802","targetHints":{"allow":["GET"]}}],"collection":[{"href":"https:\/\/corrientesdetarde.com\/index.php\/wp-json\/wp\/v2\/posts"}],"about":[{"href":"https:\/\/corrientesdetarde.com\/index.php\/wp-json\/wp\/v2\/types\/post"}],"author":[{"embeddable":true,"href":"https:\/\/corrientesdetarde.com\/index.php\/wp-json\/wp\/v2\/users\/4"}],"replies":[{"embeddable":true,"href":"https:\/\/corrientesdetarde.com\/index.php\/wp-json\/wp\/v2\/comments?post=236802"}],"version-history":[{"count":1,"href":"https:\/\/corrientesdetarde.com\/index.php\/wp-json\/wp\/v2\/posts\/236802\/revisions"}],"predecessor-version":[{"id":236804,"href":"https:\/\/corrientesdetarde.com\/index.php\/wp-json\/wp\/v2\/posts\/236802\/revisions\/236804"}],"wp:featuredmedia":[{"embeddable":true,"href":"https:\/\/corrientesdetarde.com\/index.php\/wp-json\/wp\/v2\/media\/236803"}],"wp:attachment":[{"href":"https:\/\/corrientesdetarde.com\/index.php\/wp-json\/wp\/v2\/media?parent=236802"}],"wp:term":[{"taxonomy":"category","embeddable":true,"href":"https:\/\/corrientesdetarde.com\/index.php\/wp-json\/wp\/v2\/categories?post=236802"},{"taxonomy":"post_tag","embeddable":true,"href":"https:\/\/corrientesdetarde.com\/index.php\/wp-json\/wp\/v2\/tags?post=236802"}],"curies":[{"name":"wp","href":"https:\/\/api.w.org\/{rel}","templated":true}]}}