{"id":236820,"date":"2025-11-21T08:03:48","date_gmt":"2025-11-21T11:03:48","guid":{"rendered":"https:\/\/corrientesdetarde.com\/?p=236820"},"modified":"2025-11-21T08:04:00","modified_gmt":"2025-11-21T11:04:00","slug":"la-provincia-licito-la-explotacion-de-tres-espacios-de-la-unidad","status":"publish","type":"post","link":"https:\/\/corrientesdetarde.com\/index.php\/locales\/la-provincia-licito-la-explotacion-de-tres-espacios-de-la-unidad\/","title":{"rendered":"La Provincia licit\u00f3 la explotaci\u00f3n de tres espacios de &#8220;La Unidad&#8221;"},"content":{"rendered":"\n<p>Las licitaciones p\u00fablicas de apertura de sobres con ofertas para la concesi\u00f3n de tres espacios importantes dentro de &#8220;La Unidad&#8221;, se realizaron ayer en el Sal\u00f3n Verde. Integrar\u00e1n parte de las propuestas gastron\u00f3micas en el predio ubicado en la que fuera la c\u00e1rcel de Corrientes.<\/p>\n\n\n\n<p>De esa forma, se avanz\u00f3 en el proceso licitatorio que busca que operadores privados gestionen estos espacios para integrar el talento, la cultura y el emprendimiento local dinamizando el consumo y la promoci\u00f3n del patrimonio correntino, activando el potencial cultural, gastron\u00f3mico y tur\u00edstico del proyecto ubicado en la que fuera la c\u00e1rcel de la ciudad.<\/p>\n\n\n\n<p>El acto licitatorio fue encabezado por el subsecretario de Promoci\u00f3n de Iniciativa Privada y Gesti\u00f3n Administrativa de la Provincia, Ra\u00fal Nicolini, y en la oportunidad se present\u00f3 un oferente para la concesi\u00f3n y explotaci\u00f3n del Museo de la Prisi\u00f3n y Espacio de Ciencias. Doce fueron los sobres con ofertas para el Local de Artesan\u00eda y fueron 25 los oferentes para el Mercado de Sabores.<\/p>\n\n\n\n<p>A partir de ahora, se ingresa en el proceso de evaluaci\u00f3n y selecci\u00f3n de las ofertas que permitir\u00e1n a emprendedores y\/o empresas que sean adjudicadas a desarrollar nuevos servicios en el predio otorg\u00e1ndole a &#8220;La Unidad&#8221; una din\u00e1mica de consumo, promoci\u00f3n y atracci\u00f3n de p\u00fablico a partir de la identidad correntina.<\/p>\n\n\n\n<p>Cabe se\u00f1alar que el Local de Artesan\u00edas es un espacio que est\u00e1 pensado para mostrar el talento, la creatividad y la fuerza de quienes hacen grandes la cultura. Por ello, las propuestas deben promover artesan\u00edas y productos regionales con identidad correntina, priorizando el dise\u00f1o, la creatividad e innovaci\u00f3n con ra\u00edces culturales y una producci\u00f3n responsable, inclusiva y sostenible.<\/p>\n\n\n\n<p>Respecto del Museo de la Prisi\u00f3n y Espacio de Ciencias, la licitaci\u00f3n de este espacio apunta a unir memoria, tecnolog\u00eda y futuro. Se priorizan en ese sentido equipos con experiencia en el manejo de centros tur\u00edsticos, productoras de eventos, agencias creativas y empresas de log\u00edstica o con experiencia en grandes eventos. La administraci\u00f3n incluye salas de escape, salas interactivas, experiencias 3D, proyecciones y mapping.<\/p>\n\n\n\n<p>A su vez, en El Patio Mercado de Sabores se ofrecen 12 espacios destinados a emprendedores y productores de alimentos. Los criterios de selecci\u00f3n priorizan la calidad de productos, los antecedentes en el rubro y la identidad regional. Los rubros buscados incluyen: delicatessen o gourmet, chipacer\u00eda, fiambrer\u00eda, pastas frescas, chocolater\u00eda, pescader\u00eda (congelados), florer\u00eda y otros productos alimentarios regionales envasados.<\/p>\n","protected":false},"excerpt":{"rendered":"<p>Las licitaciones p\u00fablicas de apertura de sobres con ofertas para la concesi\u00f3n de tres espacios importantes dentro de &#8220;La Unidad&#8221;, se realizaron ayer en el Sal\u00f3n Verde. Integrar\u00e1n parte de&hellip; <\/p>\n","protected":false},"author":3,"featured_media":236823,"comment_status":"closed","ping_status":"open","sticky":false,"template":"","format":"standard","meta":{"footnotes":""},"categories":[8],"tags":[],"class_list":["post-236820","post","type-post","status-publish","format-standard","has-post-thumbnail","hentry","category-locales"],"_links":{"self":[{"href":"https:\/\/corrientesdetarde.com\/index.php\/wp-json\/wp\/v2\/posts\/236820","targetHints":{"allow":["GET"]}}],"collection":[{"href":"https:\/\/corrientesdetarde.com\/index.php\/wp-json\/wp\/v2\/posts"}],"about":[{"href":"https:\/\/corrientesdetarde.com\/index.php\/wp-json\/wp\/v2\/types\/post"}],"author":[{"embeddable":true,"href":"https:\/\/corrientesdetarde.com\/index.php\/wp-json\/wp\/v2\/users\/3"}],"replies":[{"embeddable":true,"href":"https:\/\/corrientesdetarde.com\/index.php\/wp-json\/wp\/v2\/comments?post=236820"}],"version-history":[{"count":1,"href":"https:\/\/corrientesdetarde.com\/index.php\/wp-json\/wp\/v2\/posts\/236820\/revisions"}],"predecessor-version":[{"id":236824,"href":"https:\/\/corrientesdetarde.com\/index.php\/wp-json\/wp\/v2\/posts\/236820\/revisions\/236824"}],"wp:featuredmedia":[{"embeddable":true,"href":"https:\/\/corrientesdetarde.com\/index.php\/wp-json\/wp\/v2\/media\/236823"}],"wp:attachment":[{"href":"https:\/\/corrientesdetarde.com\/index.php\/wp-json\/wp\/v2\/media?parent=236820"}],"wp:term":[{"taxonomy":"category","embeddable":true,"href":"https:\/\/corrientesdetarde.com\/index.php\/wp-json\/wp\/v2\/categories?post=236820"},{"taxonomy":"post_tag","embeddable":true,"href":"https:\/\/corrientesdetarde.com\/index.php\/wp-json\/wp\/v2\/tags?post=236820"}],"curies":[{"name":"wp","href":"https:\/\/api.w.org\/{rel}","templated":true}]}}