{"id":236839,"date":"2025-11-21T10:00:09","date_gmt":"2025-11-21T13:00:09","guid":{"rendered":"https:\/\/corrientesdetarde.com\/?p=236839"},"modified":"2025-11-21T10:00:22","modified_gmt":"2025-11-21T13:00:22","slug":"la-representante-de-mexico-gano-miss-universo-2025-pese-a-las-criticas","status":"publish","type":"post","link":"https:\/\/corrientesdetarde.com\/index.php\/internacionales\/la-representante-de-mexico-gano-miss-universo-2025-pese-a-las-criticas\/","title":{"rendered":"La representante de M\u00e9xico gan\u00f3 Miss Universo 2025 pese a las cr\u00edticas"},"content":{"rendered":"\n<p>F\u00e1tima Bosch fue declarada la ganadora en el certamen celebrado en Tailandia; un ejecutivo de la competencia la hab\u00eda cuestionado y Claudia Sheinbaum sali\u00f3 a defenderla.<\/p>\n\n\n\n<p>La representante de M\u00e9xico,&nbsp;<strong>F\u00e1tima Bosch, se coron\u00f3 Miss Universo 2025 este viernes,<\/strong>&nbsp;a pesar de haber protagonizado a principios de mes un dram\u00e1tico altercado con el ejecutivo y presentador del certamen Nawat Itsaragrisil. M\u00e1s de 120 mujeres de todo el mundo compitieron este a\u00f1o por la corona de la m\u00e1s bella del universo. La participante argentina, por su parte, no ingres\u00f3 entre las 30 m\u00e1s destacadas.<\/p>\n\n\n\n<p>En una transmisi\u00f3n en vivo que se hizo viral, Itsaragrisil -tambi\u00e9n mexicano- cuestion\u00f3 e incluso llam\u00f3 &#8220;tonta&#8221; a la Miss M\u00e9xico, de 25 a\u00f1os, por un aparente incumplimiento de publicar contenido promocional sobre Tailandia en sus redes sociales, lo que desat\u00f3 una tormenta feminista. La controversia gener\u00f3 la reacci\u00f3n de la presidenta Claudia Sheinbaum, quien destac\u00f3 a la concursante por no quedarse callada.<\/p>\n\n\n\n<figure class=\"wp-block-image\"><img decoding=\"async\" src=\"https:\/\/www.diarioepoca.com\/content\/bucket\/6\/1460286w790h1050c.jpg.webp\" alt=\"\"\/><\/figure>\n\n\n\n<p>Para quedarse con la corona, Bosch respondi\u00f3 a la pregunta: &#8220;Si ganaras Miss Universo, \u00bfc\u00f3mo usar\u00edas esta plataforma para empoderar a las j\u00f3venes?&#8221;. &#8220;Yo les dir\u00eda: crean en el poder de su autenticidad, crean en s\u00ed mismas; sus sue\u00f1os son importantes, su coraz\u00f3n importa&#8221;, respondi\u00f3 Bosch y sum\u00f3: &#8220;Jam\u00e1s permitan que nadie les haga dudar de su trabajo, porque se lo merecen todo, son poderosas y su voz tiene que ser escuchada&#8221;.<\/p>\n\n\n\n<p>En una ronda previa, la concursante mexicana respondi\u00f3 a una pregunta de la integrante del jurado Nok Chalida, Miss Tailandia 1998, quien le pregunt\u00f3 sobre sus retos como mujer en 2025 y c\u00f3mo usar\u00eda el t\u00edtulo para crear un espacio seguro en todo el mundo, a lo que contest\u00f3: &#8220;Alzar\u00eda mi voz para el servicio de los dem\u00e1s, porque hoy estamos aqu\u00ed para alzar la voz y para crear cambios. Porque somos mujeres y somos las m\u00e1s fuertes y valientes las que nos ponemos de pie y hacemos historia&#8221;.<\/p>\n\n\n\n<p>El triunfo de Bosch otorg\u00f3 la cuarta corona de Miss Universo a M\u00e9xico despu\u00e9s de Lupita Jones en 1991, Ximena Navarrete en 2010 y Andrea Meza en 2020, cuya corona le fue otorgada al a\u00f1o siguiente debido a la pandemia de Covid-19.<\/p>\n\n\n\n<figure class=\"wp-block-image\"><img decoding=\"async\" src=\"https:\/\/www.diarioepoca.com\/content\/bucket\/5\/1460285w790h527c.jpg.webp\" alt=\"\"\/><\/figure>\n\n\n\n<p>Bosch, de 25 a\u00f1os, es originaria de Villahermosa, estado de Tabasco. De ni\u00f1a fue diagnosticada con dislexia y Trastorno por D\u00e9ficit de Atenci\u00f3n e Hiperactividad. Estudi\u00f3 moda y dise\u00f1o de modas en Ciudad de M\u00e9xico y profundiz\u00f3 sus estudios en Mil\u00e1n, Italia. Adem\u00e1s vivi\u00f3 un a\u00f1o en Estados Unidos. Le apasiona la moda sostenible y ha creado modelos con materiales de desecho. Ha sido voluntaria en labores con ni\u00f1os con c\u00e1ncer, as\u00ed como con inmigrantes y en causas de salud mental. A trav\u00e9s de su plataforma busca inspirar a otros para aceptar sus diferencias.<\/p>\n\n\n\n<p>Entre el grupo de 12 finalistas hubo una gran representaci\u00f3n de concursantes latinoamericanas, entre ellas Miss Colombia, Vanessa Pulgar\u00edn; Miss Cuba, Lina Luaces; Miss Puerto Rico, Zashely Alicea Rivera, y Miss Chile, Mar\u00eda Ignacia &#8220;Inna&#8221; Moll. Curiosamente, la madre de Moll particip\u00f3 en Miss Mundo en 1987.<\/p>\n\n\n\n<figure class=\"wp-block-image\"><img decoding=\"async\" src=\"https:\/\/www.diarioepoca.com\/content\/bucket\/3\/1460283w790h526c.jpg.webp\" alt=\"\"\/><\/figure>\n\n\n\n<h2 class=\"wp-block-heading\">La controversia con Itsaragrisil<\/h2>\n\n\n\n<p>Itsaragrisil caus\u00f3 revuelo al supuestamente reprender a Bosch en un acto oficial de la competencia por no compartir material promocional, lo que llev\u00f3 a una discusi\u00f3n con la representante mexicana y a que \u00e9l pidiera que lo resguardaran elementos de la seguridad cuando ella le respondi\u00f3. La Organizaci\u00f3n Miss Universo anunci\u00f3 sanciones contra el directivo y limit\u00f3 su participaci\u00f3n y Rocha critic\u00f3 su actitud a trav\u00e9s de una transmisi\u00f3n del certamen en redes sociales.<\/p>\n\n\n\n<p>&#8220;Quiero dejar en claro, mi gran indignaci\u00f3n y el repudio a Nawat por la agresi\u00f3n que hizo en p\u00fablico en contra F\u00e1tima Bosch, Miss Universe M\u00e9xico&#8221;, expres\u00f3.<\/p>\n\n\n\n<p>Por su parte, Sheinbaum se sum\u00f3 al repudio y destac\u00f3 en una conferencia: &#8220;Mi reconocimiento porque ella vive esta agresi\u00f3n y muy dignamente dice: no estoy de acuerdo. Es un ejemplo de c\u00f3mo las mujeres debemos levantar la voz. Las mujeres nos vemos m\u00e1s bonitas cuando alzamos la voz y participamos&#8221;.<\/p>\n\n\n\n<p>Itsaragrisil ofreci\u00f3 una disculpa p\u00fablica y argument\u00f3 que sent\u00eda &#8220;presi\u00f3n&#8221; por el certamen. Ya m\u00e1s cerca de la final se le vio teniendo un trato amistoso con Rocha.<\/p>\n","protected":false},"excerpt":{"rendered":"<p>F\u00e1tima Bosch fue declarada la ganadora en el certamen celebrado en Tailandia; un ejecutivo de la competencia la hab\u00eda cuestionado y Claudia Sheinbaum sali\u00f3 a defenderla. La representante de M\u00e9xico,&nbsp;F\u00e1tima&hellip; <\/p>\n","protected":false},"author":3,"featured_media":236845,"comment_status":"closed","ping_status":"open","sticky":false,"template":"","format":"standard","meta":{"footnotes":""},"categories":[11],"tags":[],"class_list":["post-236839","post","type-post","status-publish","format-standard","has-post-thumbnail","hentry","category-internacionales"],"_links":{"self":[{"href":"https:\/\/corrientesdetarde.com\/index.php\/wp-json\/wp\/v2\/posts\/236839","targetHints":{"allow":["GET"]}}],"collection":[{"href":"https:\/\/corrientesdetarde.com\/index.php\/wp-json\/wp\/v2\/posts"}],"about":[{"href":"https:\/\/corrientesdetarde.com\/index.php\/wp-json\/wp\/v2\/types\/post"}],"author":[{"embeddable":true,"href":"https:\/\/corrientesdetarde.com\/index.php\/wp-json\/wp\/v2\/users\/3"}],"replies":[{"embeddable":true,"href":"https:\/\/corrientesdetarde.com\/index.php\/wp-json\/wp\/v2\/comments?post=236839"}],"version-history":[{"count":1,"href":"https:\/\/corrientesdetarde.com\/index.php\/wp-json\/wp\/v2\/posts\/236839\/revisions"}],"predecessor-version":[{"id":236869,"href":"https:\/\/corrientesdetarde.com\/index.php\/wp-json\/wp\/v2\/posts\/236839\/revisions\/236869"}],"wp:featuredmedia":[{"embeddable":true,"href":"https:\/\/corrientesdetarde.com\/index.php\/wp-json\/wp\/v2\/media\/236845"}],"wp:attachment":[{"href":"https:\/\/corrientesdetarde.com\/index.php\/wp-json\/wp\/v2\/media?parent=236839"}],"wp:term":[{"taxonomy":"category","embeddable":true,"href":"https:\/\/corrientesdetarde.com\/index.php\/wp-json\/wp\/v2\/categories?post=236839"},{"taxonomy":"post_tag","embeddable":true,"href":"https:\/\/corrientesdetarde.com\/index.php\/wp-json\/wp\/v2\/tags?post=236839"}],"curies":[{"name":"wp","href":"https:\/\/api.w.org\/{rel}","templated":true}]}}