{"id":236881,"date":"2025-11-21T16:20:00","date_gmt":"2025-11-21T19:20:00","guid":{"rendered":"https:\/\/corrientesdetarde.com\/?p=236881"},"modified":"2025-11-21T17:33:44","modified_gmt":"2025-11-21T20:33:44","slug":"renuncio-un-importante-directivo-de-la-formula-1-y-creen-que-podria-trabajar-con-colapinto-en-2026","status":"publish","type":"post","link":"https:\/\/corrientesdetarde.com\/index.php\/deportes\/renuncio-un-importante-directivo-de-la-formula-1-y-creen-que-podria-trabajar-con-colapinto-en-2026\/","title":{"rendered":"Renunci\u00f3 un importante directivo de la F\u00f3rmula 1 y creen que podr\u00eda trabajar con Colapinto en 2026."},"content":{"rendered":"\n<h2 class=\"wp-block-heading\">El jefe de aerodin\u00e1mica de la FIA tendr\u00eda un acuerdo con Alpine en mayo del 2026.<\/h2>\n\n\n\n<p><strong>Jason Somerville<\/strong>, jefe de aerodin\u00e1mica de la FIA, present\u00f3 su renuncia y todo indica que se unir\u00e1 al\u00a0<strong>equipo Alpine de F\u00f3rmula 1<\/strong>\u00a0en mayo de 2026. Seg\u00fan inform\u00f3\u00a0<em><strong>Motorsport.com<\/strong><\/em>, el ingeniero brit\u00e1nico ya tendr\u00eda un acuerdo para incorporarse durante la temporada 2026, tras cumplir con su per\u00edodo de inactividad contractual.<\/p>\n\n\n\n<p><strong>Somerville tuvo una funci\u00f3n clave en el dise\u00f1o del reglamento t\u00e9cnico que entrar\u00e1 en vigor en 2026<\/strong>, en especial en la creaci\u00f3n del nuevo sistema de aerodin\u00e1mica activa. Su salida se confirm\u00f3 la semana pasada y, mientras dure su transici\u00f3n, seguir\u00e1 bajo contrato con la FIA aunque sin contacto con temas relacionados con la F1. Durante este tiempo trabajar\u00e1 en proyectos que no involucren a los equipos, ni al desarrollo de normas o decisiones t\u00e9cnicas que puedan afectar la competencia.<\/p>\n\n\n\n<p><strong>La FIA comunic\u00f3 que Somerville cumplir\u00e1 el plazo previo a estar disponible para nuevos trabajos y que su acceso a informaci\u00f3n ser\u00e1 limitado:<\/strong>&nbsp;\u201cPodemos confirmar que Jason Somerville dejar\u00e1 la FIA. Durante su aviso trabajar\u00e1 en proyectos no sensibles y se ajust\u00f3 su acceso a datos confidenciales. Agradecemos su aporte y le deseamos lo mejor en el pr\u00f3ximo cap\u00edtulo de su carrera\u201d, expres\u00f3 un portavoz a&nbsp;<em><strong>Motorsport.com<\/strong><\/em>.<\/p>\n\n\n\n<figure class=\"wp-block-image\"><img decoding=\"async\" src=\"https:\/\/tn.com.ar\/resizer\/v2\/foto-alpineinstagram-GJEE3OBT2FHK5I44V6EEWYFBTY.jpg?auth=2f5970115a3d2058d4da7d5ee91575dde458dee7742f0fb2a9d6f0a388b290fd&amp;width=767\" alt=\"(Foto: Alpine\/Instagram)\"\/><figcaption class=\"wp-element-caption\">(Foto: Alpine\/Instagram)<\/figcaption><\/figure>\n\n\n\n<p>Si se confirma su llegada a Alpine,&nbsp;<strong>Somerville volver\u00e1 a trabajar con Steve Nielsen<\/strong>, actual director general del equipo,&nbsp;<strong>con quien coincidi\u00f3 tanto en la FIA como en la FOM<\/strong>. Se espera que su experiencia sea valiosa para Alpine en un momento en el que todos los equipos se preparan para los cambios profundos que traer\u00e1 la normativa 2026.<\/p>\n\n\n\n<p>Mientras tanto, Jan Monchaux, jefe de monoplazas de la FIA, junto con otros miembros del organismo, asumir\u00e1n las funciones que ten\u00eda Somerville hasta que se designe un reemplazo definitivo.<\/p>\n\n\n\n<p>Somerville ocup\u00f3 el cargo desde febrero de 2022. Antes trabaj\u00f3 en \u00e1reas de aerodin\u00e1mica de equipos como Williams, Toyota y Lotus, adem\u00e1s de formar parte de la estructura t\u00e9cnica de la F\u00f3rmula 1. Alpine, por ahora, prefiri\u00f3 no hacer comentarios sobre la situaci\u00f3n.<\/p>\n","protected":false},"excerpt":{"rendered":"<p>El jefe de aerodin\u00e1mica de la FIA tendr\u00eda un acuerdo con Alpine en mayo del 2026. Jason Somerville, jefe de aerodin\u00e1mica de la FIA, present\u00f3 su renuncia y todo indica&hellip; <\/p>\n","protected":false},"author":6,"featured_media":236887,"comment_status":"closed","ping_status":"open","sticky":false,"template":"","format":"standard","meta":{"footnotes":""},"categories":[4],"tags":[],"class_list":["post-236881","post","type-post","status-publish","format-standard","has-post-thumbnail","hentry","category-deportes"],"_links":{"self":[{"href":"https:\/\/corrientesdetarde.com\/index.php\/wp-json\/wp\/v2\/posts\/236881","targetHints":{"allow":["GET"]}}],"collection":[{"href":"https:\/\/corrientesdetarde.com\/index.php\/wp-json\/wp\/v2\/posts"}],"about":[{"href":"https:\/\/corrientesdetarde.com\/index.php\/wp-json\/wp\/v2\/types\/post"}],"author":[{"embeddable":true,"href":"https:\/\/corrientesdetarde.com\/index.php\/wp-json\/wp\/v2\/users\/6"}],"replies":[{"embeddable":true,"href":"https:\/\/corrientesdetarde.com\/index.php\/wp-json\/wp\/v2\/comments?post=236881"}],"version-history":[{"count":1,"href":"https:\/\/corrientesdetarde.com\/index.php\/wp-json\/wp\/v2\/posts\/236881\/revisions"}],"predecessor-version":[{"id":236888,"href":"https:\/\/corrientesdetarde.com\/index.php\/wp-json\/wp\/v2\/posts\/236881\/revisions\/236888"}],"wp:featuredmedia":[{"embeddable":true,"href":"https:\/\/corrientesdetarde.com\/index.php\/wp-json\/wp\/v2\/media\/236887"}],"wp:attachment":[{"href":"https:\/\/corrientesdetarde.com\/index.php\/wp-json\/wp\/v2\/media?parent=236881"}],"wp:term":[{"taxonomy":"category","embeddable":true,"href":"https:\/\/corrientesdetarde.com\/index.php\/wp-json\/wp\/v2\/categories?post=236881"},{"taxonomy":"post_tag","embeddable":true,"href":"https:\/\/corrientesdetarde.com\/index.php\/wp-json\/wp\/v2\/tags?post=236881"}],"curies":[{"name":"wp","href":"https:\/\/api.w.org\/{rel}","templated":true}]}}