{"id":236882,"date":"2025-11-21T16:30:00","date_gmt":"2025-11-21T19:30:00","guid":{"rendered":"https:\/\/corrientesdetarde.com\/?p=236882"},"modified":"2025-11-21T17:35:18","modified_gmt":"2025-11-21T20:35:18","slug":"vandalizaron-un-mural-de-angel-di-maria","status":"publish","type":"post","link":"https:\/\/corrientesdetarde.com\/index.php\/deportes\/vandalizaron-un-mural-de-angel-di-maria\/","title":{"rendered":"Vandalizaron un mural de \u00c1ngel Di Mar\u00eda."},"content":{"rendered":"\n<h2 class=\"wp-block-heading\">La decisi\u00f3n de la AFA gener\u00f3 mucha controversia y los cuestionamientos son fuertes.<\/h2>\n\n\n\n<p>Este jueves, la\u00a0<strong>AFA<\/strong>\u00a0tom\u00f3 una pol\u00e9mica decisi\u00f3n que gener\u00f3 mucho repudio entre los hinchas del f\u00fatbol argentino:\u00a0<strong>declararon a Rosario Central campe\u00f3n de Liga por terminar primero en la tabla anual.<\/strong>\u00a0Tras esta decisi\u00f3n, se dio a conocer una noticia movilizante:\u00a0<strong>vandalizaron el mural de\u00a0\u00c1ngel Di Mar\u00eda\u00a0en el club que se inici\u00f3.<\/strong><\/p>\n\n\n\n<p>El campe\u00f3n del mundo qued\u00f3 en el centro de la pol\u00e9mica y fue foco de ataques en redes sociales. A pesar de todo el revuelo, el futbolista celebr\u00f3 la consagraci\u00f3n con un posteo y respald\u00f3 la decisi\u00f3n de la AFA.<\/p>\n\n\n\n<figure class=\"wp-block-image\"><img decoding=\"async\" src=\"https:\/\/tn.com.ar\/resizer\/v2\/el-mural-vandalizado-de-angel-di-maria-en-el-club-el-torito-de-rosario-foto-rosariotres-XICU5U2O45F7DBXKU6IUWUF5IE.jpg?auth=1db9bc24bc822a234c7660cc68c83d13e35271653c2de0fe8881d1511680179a&amp;width=767\" alt=\"El mural vandalizado de \u00c1ngel Di Mar\u00eda en el club El Torito de Rosario. (Foto: @Rosariotres)\"\/><figcaption class=\"wp-element-caption\">El mural vandalizado de \u00c1ngel Di Mar\u00eda en el club El Torito de Rosario. (Foto: @Rosariotres)<\/figcaption><\/figure>\n\n\n\n<p>Este viernes, el mural que lo homenajea en el club&nbsp;<strong>El Torito de Rosario<\/strong>&nbsp;apareci\u00f3 con pintadas y vandalizado.&nbsp;<strong>\u201cMercenario\u201d y \u201cladr\u00f3n\u201d, fueron las palabras que escribieron sobre su figura en la pared.&nbsp;<\/strong>Adem\u00e1s, se pudo ver&nbsp;<strong>una gran mancha de pintura negra que le tap\u00f3 la cara.<\/strong><\/p>\n\n\n\n<p>No es la primera vez que este mural es vandalizado: antes de su vuelta a Rosario Central, en 2024, un grupo no identificado le dej\u00f3 un mensaje amenazante para que no regrese al club.<\/p>\n\n\n\n<h2 class=\"wp-block-heading\">Qu\u00e9 dijo \u00c1ngel Di Mar\u00eda tras la consagraci\u00f3n de Rosario Central<\/h2>\n\n\n\n<p>\u201c<strong>Estamos muy felices<\/strong>,<strong>no solamente nosotros, seguramente todos los hinchas de Central<\/strong>. Hicimos dos meses espectaculares, ya arrancando el semestre pasado, fue incre\u00edble lo de los chicos y despu\u00e9s, con la llegada de otros, intentamos seguir manteniendo el nivel, no bajar y creo que se nos dio la posibilidad de que hoy podamos lograr este t\u00edtulo\u201d, introdujo Di Mar\u00eda en declaraciones a la LPF.<\/p>\n\n\n\n<p>\u201cNosotros lo dijimos ya cuando termin\u00f3 la \u00faltima fecha, que<strong>nos sent\u00edamos campeones porque hacer tantos puntos durante todo el a\u00f1o no es f\u00e1cil<\/strong>. Siempre son Boca o River, siempre son los mismos porque tienen plantel para eso, pero bueno, este a\u00f1o lo pudimos lograr nosotros, pudimos hacer esto y estamos muy felices\u201d.<\/p>\n\n\n\n<h2 class=\"wp-block-heading\">El motivo de la AFA para declarar campe\u00f3n a Rosario Central<\/h2>\n\n\n\n<p>La decisi\u00f3n se bas\u00f3 en la campa\u00f1a s\u00f3lida del conjunto de Ariel Holan, que termin\u00f3 el 2025 como l\u00edder absoluto de la Tabla Anual con 66 puntos, superando por cuatro unidades a Boca. Central hab\u00eda dominado la Zona B tanto en el Apertura como en el Clausura y sostuvo una regularidad notable en toda la temporada<em>.<\/em><\/p>\n","protected":false},"excerpt":{"rendered":"<p>La decisi\u00f3n de la AFA gener\u00f3 mucha controversia y los cuestionamientos son fuertes. Este jueves, la\u00a0AFA\u00a0tom\u00f3 una pol\u00e9mica decisi\u00f3n que gener\u00f3 mucho repudio entre los hinchas del f\u00fatbol argentino:\u00a0declararon a&hellip; <\/p>\n","protected":false},"author":6,"featured_media":236889,"comment_status":"closed","ping_status":"open","sticky":false,"template":"","format":"standard","meta":{"footnotes":""},"categories":[4],"tags":[],"class_list":["post-236882","post","type-post","status-publish","format-standard","has-post-thumbnail","hentry","category-deportes"],"_links":{"self":[{"href":"https:\/\/corrientesdetarde.com\/index.php\/wp-json\/wp\/v2\/posts\/236882","targetHints":{"allow":["GET"]}}],"collection":[{"href":"https:\/\/corrientesdetarde.com\/index.php\/wp-json\/wp\/v2\/posts"}],"about":[{"href":"https:\/\/corrientesdetarde.com\/index.php\/wp-json\/wp\/v2\/types\/post"}],"author":[{"embeddable":true,"href":"https:\/\/corrientesdetarde.com\/index.php\/wp-json\/wp\/v2\/users\/6"}],"replies":[{"embeddable":true,"href":"https:\/\/corrientesdetarde.com\/index.php\/wp-json\/wp\/v2\/comments?post=236882"}],"version-history":[{"count":1,"href":"https:\/\/corrientesdetarde.com\/index.php\/wp-json\/wp\/v2\/posts\/236882\/revisions"}],"predecessor-version":[{"id":236892,"href":"https:\/\/corrientesdetarde.com\/index.php\/wp-json\/wp\/v2\/posts\/236882\/revisions\/236892"}],"wp:featuredmedia":[{"embeddable":true,"href":"https:\/\/corrientesdetarde.com\/index.php\/wp-json\/wp\/v2\/media\/236889"}],"wp:attachment":[{"href":"https:\/\/corrientesdetarde.com\/index.php\/wp-json\/wp\/v2\/media?parent=236882"}],"wp:term":[{"taxonomy":"category","embeddable":true,"href":"https:\/\/corrientesdetarde.com\/index.php\/wp-json\/wp\/v2\/categories?post=236882"},{"taxonomy":"post_tag","embeddable":true,"href":"https:\/\/corrientesdetarde.com\/index.php\/wp-json\/wp\/v2\/tags?post=236882"}],"curies":[{"name":"wp","href":"https:\/\/api.w.org\/{rel}","templated":true}]}}