{"id":236936,"date":"2025-11-21T18:35:00","date_gmt":"2025-11-21T21:35:00","guid":{"rendered":"https:\/\/corrientesdetarde.com\/?p=236936"},"modified":"2025-11-21T18:40:54","modified_gmt":"2025-11-21T21:40:54","slug":"gasly-analizo-el-desempeno-de-alpine-en-las-practicas-del-gp-de-las-vegas","status":"publish","type":"post","link":"https:\/\/corrientesdetarde.com\/index.php\/deportes\/gasly-analizo-el-desempeno-de-alpine-en-las-practicas-del-gp-de-las-vegas\/","title":{"rendered":"Gasly analiz\u00f3 el desempe\u00f1o de Alpine en las pr\u00e1cticas del GP de Las Vegas."},"content":{"rendered":"\n<h2 class=\"wp-block-heading\">El piloto franc\u00e9s analiz\u00f3 su rendimiento este jueves y busca mantener una buena estad\u00edstica personal.<\/h2>\n\n\n\n<p>Este jueves comenz\u00f3 la actividad de la\u00a0<strong>F\u00f3rmula 1<\/strong>\u00a0en el\u00a0<strong>Gran Premio de Las Vegas<\/strong>\u00a0y los pilotos sacaron sus primeras conclusiones tras haber probado la pista.<\/p>\n\n\n\n<p><strong>Franco Colapinto\u00a0qued\u00f3 en el puesto 16<\/strong>\u00a0en la segunda pr\u00e1ctica libre, subi\u00f3 cuatro posicione, y\u00a0<strong>Pierre Gasly se mostr\u00f3 conforme y confiado sobre lo que ser\u00e1 el desempe\u00f1o de Alpine<\/strong>.<\/p>\n\n\n\n<p>El piloto franc\u00e9s tuvo buenos rendimientos desde el primer ensayo y termin\u00f3 12\u00b0 en ambas sesiones. Por eso, su primer an\u00e1lisis fue bastante positivo. &#8220;<strong>Me sent\u00ed bien en el coche desde el inicio de los Libres 1<\/strong>. La FP2 fue una sesi\u00f3n un poco desordenada, pero creo que mostramos un ritmo bastante s\u00f3lido antes de esta bandera roja&#8221;, afirm\u00f3.<\/p>\n\n\n\n<p>Y agreg\u00f3: \u201c<strong>Hice mi tiempo con los neum\u00e1ticos medios y no hicimos ninguno con los blandos, pero creo que estamos bien<\/strong>\u201d.<\/p>\n\n\n\n<p>En este sentido, las buenas sensaciones, que mantiene desde Brasil donde pudo sumar dos puntos entre la Sprint y la carrera, lo hacen ilusionarse con seguir por este camino.<\/p>\n\n\n\n<p><em>\u201c<\/em><strong>Creo que \u2018alentador\u2019 es la palabra adecuada para describir nuestro d\u00eda<\/strong>. Es un circuito dif\u00edcil, donde se toman bastantes riesgos, as\u00ed que es importante sentirse c\u00f3modo con el equilibrio del coche desde el principio. Creo que as\u00ed fue, pero&nbsp;<strong>a\u00fan hay algunas cosas que debemos afinar<\/strong>. En general,<strong>&nbsp;me siento lo suficientemente c\u00f3modo como para apretar, arriesgar, y estoy bastante contento<\/strong>\u201c, asegur\u00f3 en di\u00e1logo con Canal+ de Francia.<\/p>\n\n\n\n<p>Sobre las aspiraciones de volver a sumar puntos en este Gran Premio, Gasly fue cauto, pero no ocult\u00f3 su ilusi\u00f3n: \u201c\u00a1So\u00f1ar es gratis! Hemos tenido buenos momentos aqu\u00ed en el pasado; sal\u00ed tercero el a\u00f1o pasado, cuarto el anterior\u2026 No quiero arruinar esas estad\u00edsticas, as\u00ed que&nbsp;<strong>espero que al menos podamos entrar en el top 10 el s\u00e1bado, eso ser\u00eda genial<\/strong>\u201d.<\/p>\n\n\n\n<p>Estas palabras chocan de alguna manera con la frustraci\u00f3n de Franco Colapinto, que fue duro en su an\u00e1lisis sobre las primeras sesiones en Las Vegas. \u201c<strong>No pude dar una vuelta con la goma blanda en todo el d\u00eda<\/strong>. Creo que es lo negativo, porque&nbsp;<strong>me siento bastante inc\u00f3modo&nbsp;<\/strong>con la goma blanda. Con la media, mejor. Igualmente, sigo teniendo un poco de los mismos problemas que en la primera tanda\u201d, explic\u00f3 Colapinto con&nbsp;<em>ESPN<\/em>.<\/p>\n\n\n\n<h2 class=\"wp-block-heading\"><strong>Horarios del Gran Premio de Las Vegas 2025<\/strong><\/h2>\n\n\n\n<p>Jueves 20 de noviembre<\/p>\n\n\n\n<ul class=\"wp-block-list\">\n<li><strong>Pr\u00e1ctica Libre 1<\/strong>: 21:30<\/li>\n<\/ul>\n\n\n\n<p>Viernes 21 de noviembre<\/p>\n\n\n\n<ul class=\"wp-block-list\">\n<li><strong>Pr\u00e1ctica Libre 2<\/strong>: 01:00<\/li>\n\n\n\n<li><strong>Pr\u00e1ctica Libre 3<\/strong>: 21:30<\/li>\n<\/ul>\n\n\n\n<p>S\u00e1bado 22 de noviembre<\/p>\n\n\n\n<ul class=\"wp-block-list\">\n<li><strong>Clasificaci\u00f3n<\/strong>: 01:00<\/li>\n<\/ul>\n\n\n\n<p>Domingo 23 de noviembre<\/p>\n\n\n\n<ul class=\"wp-block-list\">\n<li><strong>Carrera<\/strong>: 01:00<\/li>\n<\/ul>\n\n\n\n<p><em>*Horarios de la Argentina<\/em><\/p>\n","protected":false},"excerpt":{"rendered":"<p>El piloto franc\u00e9s analiz\u00f3 su rendimiento este jueves y busca mantener una buena estad\u00edstica personal. Este jueves comenz\u00f3 la actividad de la\u00a0F\u00f3rmula 1\u00a0en el\u00a0Gran Premio de Las Vegas\u00a0y los pilotos&hellip; <\/p>\n","protected":false},"author":6,"featured_media":236939,"comment_status":"closed","ping_status":"open","sticky":false,"template":"","format":"standard","meta":{"footnotes":""},"categories":[4],"tags":[],"class_list":["post-236936","post","type-post","status-publish","format-standard","has-post-thumbnail","hentry","category-deportes"],"_links":{"self":[{"href":"https:\/\/corrientesdetarde.com\/index.php\/wp-json\/wp\/v2\/posts\/236936","targetHints":{"allow":["GET"]}}],"collection":[{"href":"https:\/\/corrientesdetarde.com\/index.php\/wp-json\/wp\/v2\/posts"}],"about":[{"href":"https:\/\/corrientesdetarde.com\/index.php\/wp-json\/wp\/v2\/types\/post"}],"author":[{"embeddable":true,"href":"https:\/\/corrientesdetarde.com\/index.php\/wp-json\/wp\/v2\/users\/6"}],"replies":[{"embeddable":true,"href":"https:\/\/corrientesdetarde.com\/index.php\/wp-json\/wp\/v2\/comments?post=236936"}],"version-history":[{"count":1,"href":"https:\/\/corrientesdetarde.com\/index.php\/wp-json\/wp\/v2\/posts\/236936\/revisions"}],"predecessor-version":[{"id":236940,"href":"https:\/\/corrientesdetarde.com\/index.php\/wp-json\/wp\/v2\/posts\/236936\/revisions\/236940"}],"wp:featuredmedia":[{"embeddable":true,"href":"https:\/\/corrientesdetarde.com\/index.php\/wp-json\/wp\/v2\/media\/236939"}],"wp:attachment":[{"href":"https:\/\/corrientesdetarde.com\/index.php\/wp-json\/wp\/v2\/media?parent=236936"}],"wp:term":[{"taxonomy":"category","embeddable":true,"href":"https:\/\/corrientesdetarde.com\/index.php\/wp-json\/wp\/v2\/categories?post=236936"},{"taxonomy":"post_tag","embeddable":true,"href":"https:\/\/corrientesdetarde.com\/index.php\/wp-json\/wp\/v2\/tags?post=236936"}],"curies":[{"name":"wp","href":"https:\/\/api.w.org\/{rel}","templated":true}]}}