{"id":236937,"date":"2025-11-21T18:40:00","date_gmt":"2025-11-21T21:40:00","guid":{"rendered":"https:\/\/corrientesdetarde.com\/?p=236937"},"modified":"2025-11-22T11:32:04","modified_gmt":"2025-11-22T14:32:04","slug":"la-ciudad-se-prepara-para-la-temporada-navidena","status":"publish","type":"post","link":"https:\/\/corrientesdetarde.com\/index.php\/eventos\/la-ciudad-se-prepara-para-la-temporada-navidena\/","title":{"rendered":"La ciudad se prepara para la temporada navide\u00f1a."},"content":{"rendered":"\n<p>La Municipalidad comenz\u00f3 el armado de la ornamentaci\u00f3n navide\u00f1a y confirm\u00f3 que todo estar\u00e1 listo para el 8 de diciembre. Este a\u00f1o habr\u00e1 dos \u00e1rboles gigantes: uno en la plaza del Mercosur y otro en la rotonda de Costanera Sur, adem\u00e1s del \u00c1rbol de los deseos en el anfiteatro Jos\u00e9 Hern\u00e1ndez. El artista Horacio G\u00f3mez reacondiciona las esculturas del pesebre.<\/p>\n\n\n\n<p>La Municipalidad de Corrientes puso en marcha los trabajos de ornamentaci\u00f3n navide\u00f1a. El secretario de Infraestructura, Math\u00edas Cabrera, brind\u00f3 detalles sobre los preparativos para vestir de fiesta distintos puntos estrat\u00e9gicos de la ciudad, de cara al 8 de diciembre, fecha l\u00edmite para dejar todo instalado y funcionando.<\/p>\n\n\n\n<figure class=\"wp-block-embed is-type-video is-provider-youtube wp-block-embed-youtube wp-embed-aspect-16-9 wp-has-aspect-ratio\"><div class=\"wp-block-embed__wrapper\">\n<iframe loading=\"lazy\" title=\"Corrientes se viste de Navidad con \u00e1rboles gigantes, un pesebre y el \u201c\u00c1rbol de los deseos\u201d\" width=\"1110\" height=\"624\" src=\"https:\/\/www.youtube.com\/embed\/YsOhnBLYr60?feature=oembed\" frameborder=\"0\" allow=\"accelerometer; autoplay; clipboard-write; encrypted-media; gyroscope; picture-in-picture; web-share\" referrerpolicy=\"strict-origin-when-cross-origin\" allowfullscreen><\/iframe>\n<\/div><\/figure>\n\n\n\n<p>&#8220;Estamos iniciando los trabajos de preparaci\u00f3n de toda la ornamentaci\u00f3n navide\u00f1a para esta \u00e9poca tan especial para todos&#8221;, explic\u00f3 Cabrera.&nbsp;<\/p>\n\n\n\n<p>Este a\u00f1o, el municipio armar\u00e1 dos \u00e1rboles navide\u00f1os gigantes: uno en la plaza del Mercosur, recientemente renovada y elegida como uno de los accesos principales a la ciudad, y otro en la conocida rotonda de Costanera Sur, donde tambi\u00e9n se colocar\u00e1 iluminaci\u00f3n y decoraci\u00f3n acorde a este momento tan especial del a\u00f1o.<\/p>\n\n\n\n<p>Adem\u00e1s, el tradicional corredor navide\u00f1o del anfiteatro Jos\u00e9 Hern\u00e1ndez volver\u00e1 a ser uno de los escenarios principales. All\u00ed, se instalar\u00e1 nuevamente el pesebre realizado por el artista local Horacio G\u00f3mez, cuyas esculturas est\u00e1n siendo refaccionadas, limpiadas y reacondicionadas en el obrador municipal para su puesta en escena.&nbsp;<\/p>\n\n\n\n<p>En ese mismo espacio, se montar\u00e1 por segundo a\u00f1o consecutivo el \u00c1rbol de los deseos, una propuesta que tuvo gran participaci\u00f3n vecinal en su primera edici\u00f3n. Esta vez, los visitantes podr\u00e1n dejar sus deseos para el 2026 en las tradicionales maderitas, que luego ser\u00e1n incineradas en una misa especial despu\u00e9s del 8 de enero.<\/p>\n\n\n\n<h3 class=\"wp-block-heading\">Trabajo en marcha<\/h3>\n\n\n\n<p>El secretario de Infraestructura detall\u00f3 que varias \u00e1reas municipales trabajan en simult\u00e1neo para cumplir con los plazos.<\/p>\n\n\n\n<p>Por un lado, el personal de log\u00edstica, mantenimiento y refacciones est\u00e1 realizando la preparaci\u00f3n de los espacios, tensando alambres y estructuras que sostendr\u00e1n las luces y elementos decorativos. En los pr\u00f3ximos d\u00edas se sumar\u00e1 la cuadrilla de Electrotecnia, encargada de instalar la iluminaci\u00f3n principal de los \u00e1rboles y del resto de la ornamentaci\u00f3n.<\/p>\n\n\n\n<p>En paralelo, desde el obrador, equipos t\u00e9cnicos contin\u00faan con la puesta en valor de las esculturas del pesebre, mientras otro grupo prepara las luminarias del \u00c1rbol de los Deseos y coordina los trabajos art\u00edsticos junto a Horacio G\u00f3mez.<\/p>\n\n\n\n<h3 class=\"wp-block-heading\">Fecha de inauguraci\u00f3n<\/h3>\n\n\n\n<p>&#8220;El objetivo es que todo est\u00e9 listo para el 8 de diciembre: los \u00e1rboles encendidos, el pesebre instalado y el \u00c1rbol de los Deseos en funcionamiento&#8221;, confirm\u00f3 Cabrera.<\/p>\n\n\n\n<p>Toda la ornamentaci\u00f3n permanecer\u00e1 activa hasta los primeros d\u00edas de enero. Con estos trabajos, la ciudad se prepara para recibir nuevamente la temporada navide\u00f1a y generar espacios de encuentro, tradici\u00f3n y celebraci\u00f3n para miles de familias locales y visitantes.<\/p>\n","protected":false},"excerpt":{"rendered":"<p>La Municipalidad comenz\u00f3 el armado de la ornamentaci\u00f3n navide\u00f1a y confirm\u00f3 que todo estar\u00e1 listo para el 8 de diciembre. Este a\u00f1o habr\u00e1 dos \u00e1rboles gigantes: uno en la plaza&hellip; <\/p>\n","protected":false},"author":6,"featured_media":236941,"comment_status":"closed","ping_status":"open","sticky":false,"template":"","format":"standard","meta":{"footnotes":""},"categories":[26,22],"tags":[],"class_list":["post-236937","post","type-post","status-publish","format-standard","has-post-thumbnail","hentry","category-destacados","category-eventos"],"_links":{"self":[{"href":"https:\/\/corrientesdetarde.com\/index.php\/wp-json\/wp\/v2\/posts\/236937","targetHints":{"allow":["GET"]}}],"collection":[{"href":"https:\/\/corrientesdetarde.com\/index.php\/wp-json\/wp\/v2\/posts"}],"about":[{"href":"https:\/\/corrientesdetarde.com\/index.php\/wp-json\/wp\/v2\/types\/post"}],"author":[{"embeddable":true,"href":"https:\/\/corrientesdetarde.com\/index.php\/wp-json\/wp\/v2\/users\/6"}],"replies":[{"embeddable":true,"href":"https:\/\/corrientesdetarde.com\/index.php\/wp-json\/wp\/v2\/comments?post=236937"}],"version-history":[{"count":3,"href":"https:\/\/corrientesdetarde.com\/index.php\/wp-json\/wp\/v2\/posts\/236937\/revisions"}],"predecessor-version":[{"id":237040,"href":"https:\/\/corrientesdetarde.com\/index.php\/wp-json\/wp\/v2\/posts\/236937\/revisions\/237040"}],"wp:featuredmedia":[{"embeddable":true,"href":"https:\/\/corrientesdetarde.com\/index.php\/wp-json\/wp\/v2\/media\/236941"}],"wp:attachment":[{"href":"https:\/\/corrientesdetarde.com\/index.php\/wp-json\/wp\/v2\/media?parent=236937"}],"wp:term":[{"taxonomy":"category","embeddable":true,"href":"https:\/\/corrientesdetarde.com\/index.php\/wp-json\/wp\/v2\/categories?post=236937"},{"taxonomy":"post_tag","embeddable":true,"href":"https:\/\/corrientesdetarde.com\/index.php\/wp-json\/wp\/v2\/tags?post=236937"}],"curies":[{"name":"wp","href":"https:\/\/api.w.org\/{rel}","templated":true}]}}