{"id":236992,"date":"2025-11-22T10:10:00","date_gmt":"2025-11-22T13:10:00","guid":{"rendered":"https:\/\/corrientesdetarde.com\/?p=236992"},"modified":"2025-11-22T10:25:25","modified_gmt":"2025-11-22T13:25:25","slug":"la-corte-suprema-brasilena-afirmo-que-mando-a-detener-a-bolsonaro-porque-quiso-romper-su-tobillera-electronica","status":"publish","type":"post","link":"https:\/\/corrientesdetarde.com\/index.php\/internacionales\/la-corte-suprema-brasilena-afirmo-que-mando-a-detener-a-bolsonaro-porque-quiso-romper-su-tobillera-electronica\/","title":{"rendered":"La Corte Suprema brasile\u00f1a afirm\u00f3 que mand\u00f3 a detener a Bolsonaro porque quiso romper su tobillera electr\u00f3nica."},"content":{"rendered":"\n<h2 class=\"wp-block-heading\">El exmandatario brasile\u00f1o fue detenido este s\u00e1bado de manera preventiva por orden del Supremo Tribunal Federal (STF) de ese pa\u00eds.<\/h2>\n\n\n\n<p>El expresidente\u00a0<strong>Jair Bolsonaro<\/strong>\u00a0quiso romper la\u00a0<strong>tobillera electr\u00f3nica<\/strong>\u00a0en un intento por fugarse durante una manifestaci\u00f3n que se hab\u00eda organizado frente a su casa en Brasilia, donde cumpl\u00eda hasta este s\u00e1bado prisi\u00f3n domiciliaria.<\/p>\n\n\n\n<p>As\u00ed lo asegur\u00f3 en su fallo el presidente de la Corte Suprema brasile\u00f1a, Alexandre de Moraes, quien este s\u00e1bado orden\u00f3 la detenci\u00f3n preventiva de Bolsonaro y su traslado a una c\u00e1rcel.<\/p>\n","protected":false},"excerpt":{"rendered":"<p>El exmandatario brasile\u00f1o fue detenido este s\u00e1bado de manera preventiva por orden del Supremo Tribunal Federal (STF) de ese pa\u00eds. El expresidente\u00a0Jair Bolsonaro\u00a0quiso romper la\u00a0tobillera electr\u00f3nica\u00a0en un intento por fugarse&hellip; <\/p>\n","protected":false},"author":6,"featured_media":236996,"comment_status":"closed","ping_status":"open","sticky":false,"template":"","format":"standard","meta":{"footnotes":""},"categories":[11],"tags":[],"class_list":["post-236992","post","type-post","status-publish","format-standard","has-post-thumbnail","hentry","category-internacionales"],"_links":{"self":[{"href":"https:\/\/corrientesdetarde.com\/index.php\/wp-json\/wp\/v2\/posts\/236992","targetHints":{"allow":["GET"]}}],"collection":[{"href":"https:\/\/corrientesdetarde.com\/index.php\/wp-json\/wp\/v2\/posts"}],"about":[{"href":"https:\/\/corrientesdetarde.com\/index.php\/wp-json\/wp\/v2\/types\/post"}],"author":[{"embeddable":true,"href":"https:\/\/corrientesdetarde.com\/index.php\/wp-json\/wp\/v2\/users\/6"}],"replies":[{"embeddable":true,"href":"https:\/\/corrientesdetarde.com\/index.php\/wp-json\/wp\/v2\/comments?post=236992"}],"version-history":[{"count":1,"href":"https:\/\/corrientesdetarde.com\/index.php\/wp-json\/wp\/v2\/posts\/236992\/revisions"}],"predecessor-version":[{"id":236997,"href":"https:\/\/corrientesdetarde.com\/index.php\/wp-json\/wp\/v2\/posts\/236992\/revisions\/236997"}],"wp:featuredmedia":[{"embeddable":true,"href":"https:\/\/corrientesdetarde.com\/index.php\/wp-json\/wp\/v2\/media\/236996"}],"wp:attachment":[{"href":"https:\/\/corrientesdetarde.com\/index.php\/wp-json\/wp\/v2\/media?parent=236992"}],"wp:term":[{"taxonomy":"category","embeddable":true,"href":"https:\/\/corrientesdetarde.com\/index.php\/wp-json\/wp\/v2\/categories?post=236992"},{"taxonomy":"post_tag","embeddable":true,"href":"https:\/\/corrientesdetarde.com\/index.php\/wp-json\/wp\/v2\/tags?post=236992"}],"curies":[{"name":"wp","href":"https:\/\/api.w.org\/{rel}","templated":true}]}}