{"id":236993,"date":"2025-11-22T10:20:00","date_gmt":"2025-11-22T13:20:00","guid":{"rendered":"https:\/\/corrientesdetarde.com\/?p=236993"},"modified":"2025-11-22T10:31:25","modified_gmt":"2025-11-22T13:31:25","slug":"aparecio-sano-y-salvo-el-joven-buscado-en-barranqueras","status":"publish","type":"post","link":"https:\/\/corrientesdetarde.com\/index.php\/policiales\/aparecio-sano-y-salvo-el-joven-buscado-en-barranqueras\/","title":{"rendered":"Apareci\u00f3 sano y salvo el joven buscado en Barranqueras."},"content":{"rendered":"\n<h2 class=\"wp-block-heading\">Personal policial hall\u00f3 a Jorge (19 a\u00f1os) durante un rastrillaje nocturno en inmediaciones del predio deportivo &#8220;El Campito&#8221;. Fue evaluado por Medicina Legal y se desactiv\u00f3 el protocolo de b\u00fasqueda.<\/h2>\n\n\n\n<p>En la madrugada de este s\u00e1bado, efectivos de la Comisar\u00eda Segunda de Barranqueras encontraron a Jorge Daniel Maldonado, de 19 a\u00f1os, cuyo paradero era investigado desde horas previas. El hallazgo se produjo alrededor de las 00:15 durante un operativo de rastrillaje realizado en la zona del terrapl\u00e9n, en inmediaciones del predio deportivo &#8220;El Campito&#8221; y la &#8220;Cancha de P\u00e1del San Mart\u00edn&#8221;, se inform\u00f3 desde la Polic\u00eda del Chaco.<\/p>\n\n\n\n<p>El personal del Servicio Externo recorr\u00eda sectores boscosos y caminos vecinales cuando visualiz\u00f3 a un joven con las mismas caracter\u00edsticas f\u00edsicas del buscado. Tras interceptarlo, confirmaron que se trataba de Maldonado, quien se encontraba en buen estado de salud a simple vista.<\/p>\n\n\n\n<p>Fue trasladado inmediatamente a la Divisi\u00f3n Medicina Legal para su correspondiente evaluaci\u00f3n y luego a la unidad policial para completar las actuaciones. Desde la comisar\u00eda informaron que, tras el hallazgo, se procedi\u00f3 a desactivar el Protocolo de B\u00fasqueda y se dio intervenci\u00f3n a la Fiscal\u00eda en turno.<\/p>\n","protected":false},"excerpt":{"rendered":"<p>Personal policial hall\u00f3 a Jorge (19 a\u00f1os) durante un rastrillaje nocturno en inmediaciones del predio deportivo &#8220;El Campito&#8221;. Fue evaluado por Medicina Legal y se desactiv\u00f3 el protocolo de b\u00fasqueda.&hellip; <\/p>\n","protected":false},"author":6,"featured_media":236998,"comment_status":"closed","ping_status":"open","sticky":false,"template":"","format":"standard","meta":{"footnotes":""},"categories":[33],"tags":[],"class_list":["post-236993","post","type-post","status-publish","format-standard","has-post-thumbnail","hentry","category-policiales"],"_links":{"self":[{"href":"https:\/\/corrientesdetarde.com\/index.php\/wp-json\/wp\/v2\/posts\/236993","targetHints":{"allow":["GET"]}}],"collection":[{"href":"https:\/\/corrientesdetarde.com\/index.php\/wp-json\/wp\/v2\/posts"}],"about":[{"href":"https:\/\/corrientesdetarde.com\/index.php\/wp-json\/wp\/v2\/types\/post"}],"author":[{"embeddable":true,"href":"https:\/\/corrientesdetarde.com\/index.php\/wp-json\/wp\/v2\/users\/6"}],"replies":[{"embeddable":true,"href":"https:\/\/corrientesdetarde.com\/index.php\/wp-json\/wp\/v2\/comments?post=236993"}],"version-history":[{"count":1,"href":"https:\/\/corrientesdetarde.com\/index.php\/wp-json\/wp\/v2\/posts\/236993\/revisions"}],"predecessor-version":[{"id":237002,"href":"https:\/\/corrientesdetarde.com\/index.php\/wp-json\/wp\/v2\/posts\/236993\/revisions\/237002"}],"wp:featuredmedia":[{"embeddable":true,"href":"https:\/\/corrientesdetarde.com\/index.php\/wp-json\/wp\/v2\/media\/236998"}],"wp:attachment":[{"href":"https:\/\/corrientesdetarde.com\/index.php\/wp-json\/wp\/v2\/media?parent=236993"}],"wp:term":[{"taxonomy":"category","embeddable":true,"href":"https:\/\/corrientesdetarde.com\/index.php\/wp-json\/wp\/v2\/categories?post=236993"},{"taxonomy":"post_tag","embeddable":true,"href":"https:\/\/corrientesdetarde.com\/index.php\/wp-json\/wp\/v2\/tags?post=236993"}],"curies":[{"name":"wp","href":"https:\/\/api.w.org\/{rel}","templated":true}]}}