{"id":237116,"date":"2025-11-23T22:43:53","date_gmt":"2025-11-24T01:43:53","guid":{"rendered":"https:\/\/corrientesdetarde.com\/?p=237116"},"modified":"2025-11-23T22:44:05","modified_gmt":"2025-11-24T01:44:05","slug":"lara-leguiza-nueva-reina-provincial-de-la-boga","status":"publish","type":"post","link":"https:\/\/corrientesdetarde.com\/index.php\/actualidad\/lara-leguiza-nueva-reina-provincial-de-la-boga\/","title":{"rendered":"Lara Leguiza, nueva reina provincial de la Boga"},"content":{"rendered":"\n<p>La distinci\u00f3n fue de inter\u00e9s en el \u00e1mbito local. El resultado supuso un avance para su trayectoria.<\/p>\n\n\n\n<p>La elecci\u00f3n de la nueva reina provincial de la Boga se realiz\u00f3 este s\u00e1bado 22 en Empedrado, Corrientes, donde Lara Leguiza obtuvo el t\u00edtulo tras la participaci\u00f3n de diversas representantes.<\/p>\n\n\n\n<p>Bianca Quintana qued\u00f3 como primera princesa y Guadalupe S\u00e1nchez como segunda. En septiembre, Lara result\u00f3 segunda princesa durante los festejos por los 199 a\u00f1os de Empedrado.<\/p>\n","protected":false},"excerpt":{"rendered":"<p>La distinci\u00f3n fue de inter\u00e9s en el \u00e1mbito local. El resultado supuso un avance para su trayectoria. La elecci\u00f3n de la nueva reina provincial de la Boga se realiz\u00f3 este&hellip; <\/p>\n","protected":false},"author":4,"featured_media":237117,"comment_status":"closed","ping_status":"open","sticky":false,"template":"","format":"standard","meta":{"footnotes":""},"categories":[23],"tags":[],"class_list":["post-237116","post","type-post","status-publish","format-standard","has-post-thumbnail","hentry","category-actualidad"],"_links":{"self":[{"href":"https:\/\/corrientesdetarde.com\/index.php\/wp-json\/wp\/v2\/posts\/237116","targetHints":{"allow":["GET"]}}],"collection":[{"href":"https:\/\/corrientesdetarde.com\/index.php\/wp-json\/wp\/v2\/posts"}],"about":[{"href":"https:\/\/corrientesdetarde.com\/index.php\/wp-json\/wp\/v2\/types\/post"}],"author":[{"embeddable":true,"href":"https:\/\/corrientesdetarde.com\/index.php\/wp-json\/wp\/v2\/users\/4"}],"replies":[{"embeddable":true,"href":"https:\/\/corrientesdetarde.com\/index.php\/wp-json\/wp\/v2\/comments?post=237116"}],"version-history":[{"count":1,"href":"https:\/\/corrientesdetarde.com\/index.php\/wp-json\/wp\/v2\/posts\/237116\/revisions"}],"predecessor-version":[{"id":237118,"href":"https:\/\/corrientesdetarde.com\/index.php\/wp-json\/wp\/v2\/posts\/237116\/revisions\/237118"}],"wp:featuredmedia":[{"embeddable":true,"href":"https:\/\/corrientesdetarde.com\/index.php\/wp-json\/wp\/v2\/media\/237117"}],"wp:attachment":[{"href":"https:\/\/corrientesdetarde.com\/index.php\/wp-json\/wp\/v2\/media?parent=237116"}],"wp:term":[{"taxonomy":"category","embeddable":true,"href":"https:\/\/corrientesdetarde.com\/index.php\/wp-json\/wp\/v2\/categories?post=237116"},{"taxonomy":"post_tag","embeddable":true,"href":"https:\/\/corrientesdetarde.com\/index.php\/wp-json\/wp\/v2\/tags?post=237116"}],"curies":[{"name":"wp","href":"https:\/\/api.w.org\/{rel}","templated":true}]}}