{"id":237122,"date":"2025-11-23T22:56:27","date_gmt":"2025-11-24T01:56:27","guid":{"rendered":"https:\/\/corrientesdetarde.com\/?p=237122"},"modified":"2025-11-23T22:56:35","modified_gmt":"2025-11-24T01:56:35","slug":"atacaron-a-golpes-a-una-adolescente-de-13-anos-en-una-plaza-y-termino-internada","status":"publish","type":"post","link":"https:\/\/corrientesdetarde.com\/index.php\/policiales\/atacaron-a-golpes-a-una-adolescente-de-13-anos-en-una-plaza-y-termino-internada\/","title":{"rendered":"Atacaron a golpes a una adolescente de 13 a\u00f1os en una plaza y termin\u00f3 internada"},"content":{"rendered":"\n<p>La llevaron el s\u00e1bado a la tarde al Hospital Materno Infantil. Sufri\u00f3 un traumatismo enc\u00e9falo craneal.&nbsp;<\/p>\n\n\n\n<p>A la espera de la denuncia formal que se har\u00e1 en las pr\u00f3ximas horas y tras el aviso que se dio por protocolo, la polic\u00eda investiga el ataque que el s\u00e1bado a la noche sufri\u00f3 una chica de 13 a\u00f1os en una plaza y que deriv\u00f3 en su internaci\u00f3n en el Hospital Materno Infantil.<\/p>\n\n\n\n<p>&nbsp;<br>Fuentes oficiales confirmaron que la joven fue agredida en una plaza y que presentaba un cefalohematoma. &#8220;Fue atendida en la guardia, se hizo tomograf\u00eda y la misma arroj\u00f3 que no presentaba complicaciones, por lo que tras estar en observaci\u00f3n recibi\u00f3 el alta m\u00e9dica el domingo antes del mediod\u00eda&#8221;, se\u00f1alaron.<\/p>\n\n\n\n<p>La madre adelant\u00f3 que tras el alta iban a hacer la denuncia policial y que el ataque ser\u00eda obra de algunas chicas un a\u00f1o mayor que ella que asistir\u00edan al mismo establecimiento educativo.<\/p>\n\n\n\n<p>&nbsp;<br>Hasta el momento las autoridades judiciales confirmaron que no hab\u00edan recibido actuaci\u00f3n alguna por el hecho.<\/p>\n","protected":false},"excerpt":{"rendered":"<p>La llevaron el s\u00e1bado a la tarde al Hospital Materno Infantil. Sufri\u00f3 un traumatismo enc\u00e9falo craneal.&nbsp; A la espera de la denuncia formal que se har\u00e1 en las pr\u00f3ximas horas&hellip; <\/p>\n","protected":false},"author":4,"featured_media":237123,"comment_status":"closed","ping_status":"open","sticky":false,"template":"","format":"standard","meta":{"footnotes":""},"categories":[33],"tags":[],"class_list":["post-237122","post","type-post","status-publish","format-standard","has-post-thumbnail","hentry","category-policiales"],"_links":{"self":[{"href":"https:\/\/corrientesdetarde.com\/index.php\/wp-json\/wp\/v2\/posts\/237122","targetHints":{"allow":["GET"]}}],"collection":[{"href":"https:\/\/corrientesdetarde.com\/index.php\/wp-json\/wp\/v2\/posts"}],"about":[{"href":"https:\/\/corrientesdetarde.com\/index.php\/wp-json\/wp\/v2\/types\/post"}],"author":[{"embeddable":true,"href":"https:\/\/corrientesdetarde.com\/index.php\/wp-json\/wp\/v2\/users\/4"}],"replies":[{"embeddable":true,"href":"https:\/\/corrientesdetarde.com\/index.php\/wp-json\/wp\/v2\/comments?post=237122"}],"version-history":[{"count":1,"href":"https:\/\/corrientesdetarde.com\/index.php\/wp-json\/wp\/v2\/posts\/237122\/revisions"}],"predecessor-version":[{"id":237124,"href":"https:\/\/corrientesdetarde.com\/index.php\/wp-json\/wp\/v2\/posts\/237122\/revisions\/237124"}],"wp:featuredmedia":[{"embeddable":true,"href":"https:\/\/corrientesdetarde.com\/index.php\/wp-json\/wp\/v2\/media\/237123"}],"wp:attachment":[{"href":"https:\/\/corrientesdetarde.com\/index.php\/wp-json\/wp\/v2\/media?parent=237122"}],"wp:term":[{"taxonomy":"category","embeddable":true,"href":"https:\/\/corrientesdetarde.com\/index.php\/wp-json\/wp\/v2\/categories?post=237122"},{"taxonomy":"post_tag","embeddable":true,"href":"https:\/\/corrientesdetarde.com\/index.php\/wp-json\/wp\/v2\/tags?post=237122"}],"curies":[{"name":"wp","href":"https:\/\/api.w.org\/{rel}","templated":true}]}}