{"id":237128,"date":"2025-11-23T23:32:41","date_gmt":"2025-11-24T02:32:41","guid":{"rendered":"https:\/\/corrientesdetarde.com\/?p=237128"},"modified":"2025-11-23T23:32:48","modified_gmt":"2025-11-24T02:32:48","slug":"le-diagnosticaron-una-contractura-por-un-dolor-de-cabeza-y-murio-por-un-acv","status":"publish","type":"post","link":"https:\/\/corrientesdetarde.com\/index.php\/actualidad\/le-diagnosticaron-una-contractura-por-un-dolor-de-cabeza-y-murio-por-un-acv\/","title":{"rendered":"Le diagnosticaron una contractura por un dolor de cabeza y muri\u00f3 por un ACV"},"content":{"rendered":"\n<p>Ocurri\u00f3 en el Hospital Castro Rend\u00f3n de la ciudad capital. La madre del hombre fallecido denuncia una presunta mala praxis<\/p>\n\n\n\n<p>Una grave denuncia sacude al Hospital Castro Rend\u00f3n de la ciudad de Neuqu\u00e9n. Una mujer asegura que su hijo muri\u00f3 como consecuencia de un presunto mal diagn\u00f3stico en ese centro de salud.<\/p>\n\n\n\n<p>La v\u00edctima, identificada como Jonathan Day\u00e1n Monsalve, falleci\u00f3 el mi\u00e9rcoles 19 tras sufrir un ACV. Sin embargo, d\u00edas antes se hab\u00eda presentado en el mismo centro de salud por fuertes dolores de cabeza, donde \u2014seg\u00fan denuncian sus familiares\u2014 le diagnosticaron una simple contractura.<\/p>\n\n\n\n<p>&nbsp;<br>El episodio comenz\u00f3 este lunes, cuando el hombre empez\u00f3 a experimentar mareos y fuertes dolores de cabeza. Ante esos s\u00edntomas, decidi\u00f3 acudir a una posta sanitaria de la zona del Parque Industrial. All\u00ed le tomaron la presi\u00f3n y, tras la atenci\u00f3n inicial, lo enviaron nuevamente a su casa.<\/p>\n\n\n\n<p>Momentos despu\u00e9s, el cuadro del hombre de 40 a\u00f1os se agrav\u00f3 y ese mismo d\u00eda decidi\u00f3 acudir a la guardia del Hospital Castro Rend\u00f3n, donde lleg\u00f3 con v\u00f3mitos recurrentes y un intenso mareo.<\/p>\n\n\n\n<p>Seg\u00fan relat\u00f3 su madre, Liliana Cid, en ese centro de salud le colocaron suero y le diagnosticaron una contractura. Monsalve regres\u00f3 a su casa solo con una pastilla de Tafirol para aliviar el dolor.<\/p>\n\n\n\n<p>Ya el martes por la tarde, el cuadro de Monsalve volvi\u00f3 a agravarse: comenz\u00f3 a sudar de manera repentina y decidi\u00f3 llamar al 107. Seg\u00fan relat\u00f3 su madre, la profesional que lleg\u00f3 al domicilio insisti\u00f3 en preguntarle si el hombre consum\u00eda drogas o alcohol, pese a que la familia lo neg\u00f3 en reiteradas ocasiones.<\/p>\n\n\n\n<p>Luego, Monsalve fue trasladado nuevamente al hospital en ambulancia, acompa\u00f1ado por su hermana. Una vez all\u00ed, comenz\u00f3 a sufrir un ACV severo. Finalmente, falleci\u00f3 el mi\u00e9rcoles por la tarde, luego de permanecer en estado de coma.<\/p>\n\n\n\n<p>Por la muerte de su hijo, Cid no solo responsabiliz\u00f3 a la guardia del Hospital Castro Rend\u00f3n, sino tambi\u00e9n al centro de salud del Parque Industrial, donde tampoco detectaron el ACV.<\/p>\n","protected":false},"excerpt":{"rendered":"<p>Ocurri\u00f3 en el Hospital Castro Rend\u00f3n de la ciudad capital. La madre del hombre fallecido denuncia una presunta mala praxis Una grave denuncia sacude al Hospital Castro Rend\u00f3n de la&hellip; <\/p>\n","protected":false},"author":4,"featured_media":237129,"comment_status":"closed","ping_status":"open","sticky":false,"template":"","format":"standard","meta":{"footnotes":""},"categories":[23],"tags":[],"class_list":["post-237128","post","type-post","status-publish","format-standard","has-post-thumbnail","hentry","category-actualidad"],"_links":{"self":[{"href":"https:\/\/corrientesdetarde.com\/index.php\/wp-json\/wp\/v2\/posts\/237128","targetHints":{"allow":["GET"]}}],"collection":[{"href":"https:\/\/corrientesdetarde.com\/index.php\/wp-json\/wp\/v2\/posts"}],"about":[{"href":"https:\/\/corrientesdetarde.com\/index.php\/wp-json\/wp\/v2\/types\/post"}],"author":[{"embeddable":true,"href":"https:\/\/corrientesdetarde.com\/index.php\/wp-json\/wp\/v2\/users\/4"}],"replies":[{"embeddable":true,"href":"https:\/\/corrientesdetarde.com\/index.php\/wp-json\/wp\/v2\/comments?post=237128"}],"version-history":[{"count":1,"href":"https:\/\/corrientesdetarde.com\/index.php\/wp-json\/wp\/v2\/posts\/237128\/revisions"}],"predecessor-version":[{"id":237130,"href":"https:\/\/corrientesdetarde.com\/index.php\/wp-json\/wp\/v2\/posts\/237128\/revisions\/237130"}],"wp:featuredmedia":[{"embeddable":true,"href":"https:\/\/corrientesdetarde.com\/index.php\/wp-json\/wp\/v2\/media\/237129"}],"wp:attachment":[{"href":"https:\/\/corrientesdetarde.com\/index.php\/wp-json\/wp\/v2\/media?parent=237128"}],"wp:term":[{"taxonomy":"category","embeddable":true,"href":"https:\/\/corrientesdetarde.com\/index.php\/wp-json\/wp\/v2\/categories?post=237128"},{"taxonomy":"post_tag","embeddable":true,"href":"https:\/\/corrientesdetarde.com\/index.php\/wp-json\/wp\/v2\/tags?post=237128"}],"curies":[{"name":"wp","href":"https:\/\/api.w.org\/{rel}","templated":true}]}}