{"id":237154,"date":"2025-11-24T10:00:11","date_gmt":"2025-11-24T13:00:11","guid":{"rendered":"https:\/\/corrientesdetarde.com\/?p=237154"},"modified":"2025-11-24T10:00:27","modified_gmt":"2025-11-24T13:00:27","slug":"cielos-del-taragui-celebra-la-paz-remontando-coloridos-barriletes","status":"publish","type":"post","link":"https:\/\/corrientesdetarde.com\/index.php\/cultura\/cielos-del-taragui-celebra-la-paz-remontando-coloridos-barriletes\/","title":{"rendered":"&#8220;Cielos del Tarag\u00fc\u00ed&#8221; celebra la paz remontando coloridos barriletes"},"content":{"rendered":"\n<p>Tras la suspensi\u00f3n del evento la semana pasada por las inclemencias climatol\u00f3gicas, en el d\u00eda de hoy se llevar\u00e1 a cabo en la plaza central del barrio Santa Catalina, de 11 a 19, una jornada para llevar conciencia sobre la paz mundial.<\/p>\n\n\n\n<p>Se trata del 28\u00ba Festival Correntino, en el marco del 40\u00ba Vuelo Internacional de Barriletes por la Paz.<\/p>\n\n\n\n<p>El acontecimiento coincidir\u00e1 con otra barrileteada organizada por la instituci\u00f3n internacional &#8220;One Sky, One World&#8221; (Un cielo, un mundo).<\/p>\n\n\n\n<p>Para conocer un poco m\u00e1s al respecto, \u00e9poca dialog\u00f3 con Santiago Antonio Dom\u00ednguez, presidente del Club de Barriletes &#8220;Cielos del Tarag\u00fc\u00ed&#8221;, quien coment\u00f3 que para \u00e9l y todos los organizadores esta jornada es algo que no lo podemos creer.<\/p>\n\n\n\n<p>&#8220;Este 2025 nuestro club cumple 31 a\u00f1os de vida, 31 a\u00f1os de felicidad volando barriletes y siendo parte de la alegr\u00eda de miles de ni\u00f1os y familias que acompa\u00f1aron nuestra historia&#8221;, mencion\u00f3.<\/p>\n\n\n\n<p>&#8220;Estamos m\u00e1s que contentos, llenos de emoci\u00f3n y de sano orgullo por seguir pintando el cielo con cientos de formas y colores de nuestros barriletes gozando con el viento, la naturaleza y con el coraz\u00f3n colmado de alegr\u00eda disfrutando de nuestra pasi\u00f3n&#8221;, expres\u00f3 Dom\u00ednguez.<\/p>\n\n\n\n<p>El presidente reconoci\u00f3 que lo van a festejar a puro barrilete, como todos los a\u00f1os, &#8220;con el 28\u00b0 Festival Correntino de Barriletes por la Paz, adhiri\u00e9ndonos tambi\u00e9n al evento mundial \u00e6One Sky, One World\u00c6 (Un cielo, un mundo) del 40\u00b0 Vuelo Internacional de Barriletes por la Paz, en la plaza central junto a la Sala de Atenci\u00f3n Primaria del barrio Santa Catalina, hoy desde las 11 hasta las 19&#8221;.<\/p>\n\n\n\n<p>Para finalizar, dej\u00f3 la invitaci\u00f3n: &#8220;Para todos los que amamos poder remontar un barrilete y les dejo nuestro saludo barriletero: \u00a1qu\u00e9 tengan siempre muy buenos vientos!&#8221;, remarc\u00f3.<\/p>\n","protected":false},"excerpt":{"rendered":"<p>Tras la suspensi\u00f3n del evento la semana pasada por las inclemencias climatol\u00f3gicas, en el d\u00eda de hoy se llevar\u00e1 a cabo en la plaza central del barrio Santa Catalina, de&hellip; <\/p>\n","protected":false},"author":3,"featured_media":237164,"comment_status":"closed","ping_status":"open","sticky":false,"template":"","format":"standard","meta":{"footnotes":""},"categories":[15],"tags":[],"class_list":["post-237154","post","type-post","status-publish","format-standard","has-post-thumbnail","hentry","category-cultura"],"_links":{"self":[{"href":"https:\/\/corrientesdetarde.com\/index.php\/wp-json\/wp\/v2\/posts\/237154","targetHints":{"allow":["GET"]}}],"collection":[{"href":"https:\/\/corrientesdetarde.com\/index.php\/wp-json\/wp\/v2\/posts"}],"about":[{"href":"https:\/\/corrientesdetarde.com\/index.php\/wp-json\/wp\/v2\/types\/post"}],"author":[{"embeddable":true,"href":"https:\/\/corrientesdetarde.com\/index.php\/wp-json\/wp\/v2\/users\/3"}],"replies":[{"embeddable":true,"href":"https:\/\/corrientesdetarde.com\/index.php\/wp-json\/wp\/v2\/comments?post=237154"}],"version-history":[{"count":1,"href":"https:\/\/corrientesdetarde.com\/index.php\/wp-json\/wp\/v2\/posts\/237154\/revisions"}],"predecessor-version":[{"id":237186,"href":"https:\/\/corrientesdetarde.com\/index.php\/wp-json\/wp\/v2\/posts\/237154\/revisions\/237186"}],"wp:featuredmedia":[{"embeddable":true,"href":"https:\/\/corrientesdetarde.com\/index.php\/wp-json\/wp\/v2\/media\/237164"}],"wp:attachment":[{"href":"https:\/\/corrientesdetarde.com\/index.php\/wp-json\/wp\/v2\/media?parent=237154"}],"wp:term":[{"taxonomy":"category","embeddable":true,"href":"https:\/\/corrientesdetarde.com\/index.php\/wp-json\/wp\/v2\/categories?post=237154"},{"taxonomy":"post_tag","embeddable":true,"href":"https:\/\/corrientesdetarde.com\/index.php\/wp-json\/wp\/v2\/tags?post=237154"}],"curies":[{"name":"wp","href":"https:\/\/api.w.org\/{rel}","templated":true}]}}