{"id":237155,"date":"2025-11-24T10:00:08","date_gmt":"2025-11-24T13:00:08","guid":{"rendered":"https:\/\/corrientesdetarde.com\/?p=237155"},"modified":"2025-11-24T10:00:39","modified_gmt":"2025-11-24T13:00:39","slug":"estados-unidos-designa-al-cartel-de-los-soles-como-organizacion-terrorista","status":"publish","type":"post","link":"https:\/\/corrientesdetarde.com\/index.php\/internacionales\/estados-unidos-designa-al-cartel-de-los-soles-como-organizacion-terrorista\/","title":{"rendered":"Estados Unidos designa al C\u00e1rtel de los Soles como organizaci\u00f3n terrorista"},"content":{"rendered":"\n<p>Esto abre la puerta a nuevas sanciones legales y financieras contra los popes del r\u00e9gimen venezolano.<\/p>\n\n\n\n<p>Finalmente este lunes la administraci\u00f3n del presidente estadounidense Donald Trump incluy\u00f3 al C\u00e1rtel de los Soles en la lista de organizaciones terroristas, algo que se ve\u00eda venir de un momento al otro.&nbsp;<\/p>\n\n\n\n<p>&#8220;El Departamento de Estado nombra al C\u00e1rtel de los Soles como Organizaci\u00f3n Terrorista Extranjera (OTE) a partir del 24 de noviembre de 2025. Con sede en Venezuela, [esa organizaci\u00f3n] est\u00e1 liderada por Maduro y otros altos funcionarios de su r\u00e9gimen ileg\u00edtimo, quienes corrompieron el ej\u00e9rcito, la inteligencia, la legislatura y el poder judicial de Venezuela&#8221;, indica el comunicado difundido por la Administraci\u00f3n Trump al que tuvo acceso la Agencia Noticias Argentinas.<\/p>\n\n\n\n<p>En el mismo se asegura que esta organizaci\u00f3n &#8220;corrompi\u00f3 el ej\u00e9rcito, la inteligencia, la legislatura y el poder judicial de Venezuela&#8221;.vjn2Kg<\/p>\n\n\n\n<p>Maduro es considerado el l\u00edder de esta organizaci\u00f3n, seg\u00fan el Departamento de Estado norteamericano. &#8220;Ni Maduro ni sus secuaces representan al gobierno leg\u00edtimo de Venezuela. El C\u00e1rtel de los Soles, junto con otras OTE designadas, como el Tren de Aragua y el C\u00e1rtel de Sinaloa, es responsable de la violencia terrorista en todo el hemisferio, as\u00ed como del tr\u00e1fico de drogas hacia Estados Unidos y Europa&#8221;, se asegura en el comunicado.<\/p>\n\n\n\n<p>Esto abre la puerta a nuevas sanciones legales y financieras contra los popes del r\u00e9gimen venezolano. Y Estados Unidos deja en claro que &#8220;seguir\u00e1 utilizando todas las herramientas disponibles para proteger nuestros intereses de seguridad nacional y negar financiaci\u00f3n y recursos a los narcoterroristas&#8221;.<\/p>\n","protected":false},"excerpt":{"rendered":"<p>Esto abre la puerta a nuevas sanciones legales y financieras contra los popes del r\u00e9gimen venezolano. Finalmente este lunes la administraci\u00f3n del presidente estadounidense Donald Trump incluy\u00f3 al C\u00e1rtel de&hellip; <\/p>\n","protected":false},"author":3,"featured_media":237163,"comment_status":"closed","ping_status":"open","sticky":false,"template":"","format":"standard","meta":{"footnotes":""},"categories":[11],"tags":[],"class_list":["post-237155","post","type-post","status-publish","format-standard","has-post-thumbnail","hentry","category-internacionales"],"_links":{"self":[{"href":"https:\/\/corrientesdetarde.com\/index.php\/wp-json\/wp\/v2\/posts\/237155","targetHints":{"allow":["GET"]}}],"collection":[{"href":"https:\/\/corrientesdetarde.com\/index.php\/wp-json\/wp\/v2\/posts"}],"about":[{"href":"https:\/\/corrientesdetarde.com\/index.php\/wp-json\/wp\/v2\/types\/post"}],"author":[{"embeddable":true,"href":"https:\/\/corrientesdetarde.com\/index.php\/wp-json\/wp\/v2\/users\/3"}],"replies":[{"embeddable":true,"href":"https:\/\/corrientesdetarde.com\/index.php\/wp-json\/wp\/v2\/comments?post=237155"}],"version-history":[{"count":1,"href":"https:\/\/corrientesdetarde.com\/index.php\/wp-json\/wp\/v2\/posts\/237155\/revisions"}],"predecessor-version":[{"id":237187,"href":"https:\/\/corrientesdetarde.com\/index.php\/wp-json\/wp\/v2\/posts\/237155\/revisions\/237187"}],"wp:featuredmedia":[{"embeddable":true,"href":"https:\/\/corrientesdetarde.com\/index.php\/wp-json\/wp\/v2\/media\/237163"}],"wp:attachment":[{"href":"https:\/\/corrientesdetarde.com\/index.php\/wp-json\/wp\/v2\/media?parent=237155"}],"wp:term":[{"taxonomy":"category","embeddable":true,"href":"https:\/\/corrientesdetarde.com\/index.php\/wp-json\/wp\/v2\/categories?post=237155"},{"taxonomy":"post_tag","embeddable":true,"href":"https:\/\/corrientesdetarde.com\/index.php\/wp-json\/wp\/v2\/tags?post=237155"}],"curies":[{"name":"wp","href":"https:\/\/api.w.org\/{rel}","templated":true}]}}