{"id":237207,"date":"2025-11-24T13:23:42","date_gmt":"2025-11-24T16:23:42","guid":{"rendered":"https:\/\/corrientesdetarde.com\/?p=237207"},"modified":"2025-11-24T13:23:55","modified_gmt":"2025-11-24T16:23:55","slug":"homenajearon-al-embajador-de-marruecos-en-argentina","status":"publish","type":"post","link":"https:\/\/corrientesdetarde.com\/index.php\/eventossociedad\/homenajearon-al-embajador-de-marruecos-en-argentina\/","title":{"rendered":"HOMENAJEARON AL EMBAJADOR DE MARRUECOS EN ARGENTINA"},"content":{"rendered":"\n<p>En el Sal\u00f3n de los Pasos Perdidos de la C\u00e1mara de Diputados de la Naci\u00f3n, se desarroll\u00f3 la edici\u00f3n 2025 de\u00a0<strong>\u201cLiderazgos Transformadores en Am\u00e9rica Latina\u201d<\/strong>, un reconocimiento que re\u00fane a autoridades, acad\u00e9micos, referentes sociales y organizaciones del continente americano.<\/p>\n\n\n\n<p>El distinguido encuentro cont\u00f3 con la organizaci\u00f3n del diputado nacional&nbsp;<strong>Juan Fernando Br\u00fcgge<\/strong>, presidente de la Asociaci\u00f3n Argentina de Derecho Parlamentario, el vicegobernador de Santa Cruz,&nbsp;<strong>Fabi\u00e1n Leguizam\u00f3n<\/strong>, el coordinador ejecutivo de la Fundaci\u00f3n FIDEHUS (M\u00e9xico),<strong>&nbsp;Zark Vauhlosky Reyes<\/strong>, la presidente del Foro Internacional de Liderazgos Transformadores en Am\u00e9rica Latina (Paraguay),<strong>&nbsp;Vilma Emategui<\/strong>&nbsp;y la coordinaci\u00f3n general&nbsp;(Argentina)&nbsp;de&nbsp;<strong>Juan Szymankiewicz.&nbsp; &nbsp; &nbsp; &nbsp; &nbsp; &nbsp;<\/strong><\/p>\n\n\n\n<p><a href=\"https:\/\/blogger.googleusercontent.com\/img\/a\/AVvXsEgWMJM09_C5lQtgWV_UCVBZN2Y31by-b-MkaT9rhe2HqWVbQnkKzRoOKVv-uVOY030fIPYqOrCXYdFUKSzrDnEL1su79gkrdKupej85ZT7LOJkLPYUqy-nLGmGRL0G-rw5PN5Z0KL_QSNf33ae5l-KjWccMhSrvH2rACL5NXcLJGuSu1BxPOnMJZ5azt-4\"><\/a><br>Entre otros notables de 13 pa\u00edses, fue homenajeado el embajador del Reino de Marruecos en Argentina,&nbsp;<strong>Sr. Fares Yassir<\/strong>, quien recibi\u00f3 la distinci\u00f3n \u201cLiderazgo Transformador en Am\u00e9rica Latina &#8211; Edici\u00f3n 2025\u201d, en reconocimiento a sus valores \u00e9ticos y a su compromiso diplom\u00e1tico.<br><br>En este sentido, los organizadores subrayaron el papel de Fares Yassir en la consolidaci\u00f3n del di\u00e1logo interregional y en la promoci\u00f3n de la cooperaci\u00f3n bilateral y multilateral entre Marruecos y los pa\u00edses de Am\u00e9rica Latina.<br><br>A ojos del embajador de Marruecos, \u201cel diplom\u00e1tico es un actor determinante de transformaci\u00f3n, a trav\u00e9s de sus ideas y sus iniciativas de cooperaci\u00f3n que impactan, directa o indirectamente, a las sociedades en su pa\u00eds de acreditaci\u00f3n y en su pa\u00eds de origen\u201d.&nbsp; &nbsp; &nbsp;&nbsp;<a href=\"https:\/\/blogger.googleusercontent.com\/img\/a\/AVvXsEh9O99PUi_QOZSWcOYRikdcU1E4tYjD2DU-5KTngzqXoiW5eNbLJfWJ3_vvbpVQyOiKIgm-3xSnQ9BxsOrCPkNWJQinewuFiAmuKV2A2_Bo4K9zRl1hgCs94SuXYcB258ToMoC6VkXBqJ_iOAxCVfOasxSMEKCsHy4-HUWqbUjZzApmCdszay7dOrRnCWg\"><\/a><br>Yassir recibi\u00f3 las felicitaciones de numerosos diplom\u00e1ticos presentes, en representaci\u00f3n de un amplio abanico de regiones del mundo, quienes resaltaron el reconocimiento y la estima de los que goza la acci\u00f3n diplom\u00e1tica marroqu\u00ed dentro del cuerpo diplom\u00e1tico acreditado en Argentina, coment\u00f3 Carlos Mariscal en el programa &#8220;Con Estilo&#8221; de CNN Radio Rosario.<\/p>\n","protected":false},"excerpt":{"rendered":"<p>En el Sal\u00f3n de los Pasos Perdidos de la C\u00e1mara de Diputados de la Naci\u00f3n, se desarroll\u00f3 la edici\u00f3n 2025 de\u00a0\u201cLiderazgos Transformadores en Am\u00e9rica Latina\u201d, un reconocimiento que re\u00fane a&hellip; <\/p>\n","protected":false},"author":11,"featured_media":237208,"comment_status":"closed","ping_status":"open","sticky":false,"template":"","format":"standard","meta":{"footnotes":""},"categories":[1208],"tags":[],"class_list":["post-237207","post","type-post","status-publish","format-standard","has-post-thumbnail","hentry","category-eventossociedad"],"_links":{"self":[{"href":"https:\/\/corrientesdetarde.com\/index.php\/wp-json\/wp\/v2\/posts\/237207","targetHints":{"allow":["GET"]}}],"collection":[{"href":"https:\/\/corrientesdetarde.com\/index.php\/wp-json\/wp\/v2\/posts"}],"about":[{"href":"https:\/\/corrientesdetarde.com\/index.php\/wp-json\/wp\/v2\/types\/post"}],"author":[{"embeddable":true,"href":"https:\/\/corrientesdetarde.com\/index.php\/wp-json\/wp\/v2\/users\/11"}],"replies":[{"embeddable":true,"href":"https:\/\/corrientesdetarde.com\/index.php\/wp-json\/wp\/v2\/comments?post=237207"}],"version-history":[{"count":1,"href":"https:\/\/corrientesdetarde.com\/index.php\/wp-json\/wp\/v2\/posts\/237207\/revisions"}],"predecessor-version":[{"id":237209,"href":"https:\/\/corrientesdetarde.com\/index.php\/wp-json\/wp\/v2\/posts\/237207\/revisions\/237209"}],"wp:featuredmedia":[{"embeddable":true,"href":"https:\/\/corrientesdetarde.com\/index.php\/wp-json\/wp\/v2\/media\/237208"}],"wp:attachment":[{"href":"https:\/\/corrientesdetarde.com\/index.php\/wp-json\/wp\/v2\/media?parent=237207"}],"wp:term":[{"taxonomy":"category","embeddable":true,"href":"https:\/\/corrientesdetarde.com\/index.php\/wp-json\/wp\/v2\/categories?post=237207"},{"taxonomy":"post_tag","embeddable":true,"href":"https:\/\/corrientesdetarde.com\/index.php\/wp-json\/wp\/v2\/tags?post=237207"}],"curies":[{"name":"wp","href":"https:\/\/api.w.org\/{rel}","templated":true}]}}