{"id":237229,"date":"2025-11-24T17:10:00","date_gmt":"2025-11-24T20:10:00","guid":{"rendered":"https:\/\/corrientesdetarde.com\/?p=237229"},"modified":"2025-11-24T17:15:35","modified_gmt":"2025-11-24T20:15:35","slug":"la-corte-de-brasil-definio-que-bolsonaro-siga-en-la-carcel","status":"publish","type":"post","link":"https:\/\/corrientesdetarde.com\/index.php\/internacionales\/la-corte-de-brasil-definio-que-bolsonaro-siga-en-la-carcel\/","title":{"rendered":"La Corte de Brasil defini\u00f3 que Bolsonaro siga en la c\u00e1rcel."},"content":{"rendered":"\n<h2 class=\"wp-block-heading\">La mayor\u00eda de la Primera Sala del Supremo Tribunal Federal aval\u00f3 la decisi\u00f3n del ministro Alexandre de Moraes, quien determin\u00f3 la prisi\u00f3n preventiva del expresidente.<\/h2>\n\n\n\n<p>La Corte de Suprema de Brasil\u00a0<strong>decidi\u00f3 que\u00a0Jair Bolsonaro\u00a0siga en la c\u00e1rcel,\u00a0<\/strong>luego de que el expresidente de Brasil intentara sacarse la tobillera electr\u00f3nica.<\/p>\n\n\n\n<p>La mayor\u00eda de la Primera Sala del Supremo Tribunal Federal brasile\u00f1o vot\u00f3 este lunes por la ma\u00f1ana a favor de&nbsp;<strong>avalar la decisi\u00f3n del ministro Alexandre de Moraes,&nbsp;<\/strong>quien determin\u00f3 la prisi\u00f3n preventiva de Bolsonaro.<\/p>\n\n\n\n<p>Moraes reafirm\u00f3 la decisi\u00f3n que \u00e9l mismo hab\u00eda tomado este s\u00e1bado de pasar la prisi\u00f3n domiciliaria a\u00a0prisi\u00f3n preventiva. Luego,\u00a0<strong>Fl\u00e1vio Dino<\/strong>\u00a0y\u00a0<strong>Cristiano Zanin\u00a0<\/strong>acompa\u00f1aron el voto y conformaron la mayor\u00eda en favor del arresto.<\/p>\n\n\n\n<p>Carmen L\u00facia, otra de las integrantes de la Corte Suprema, debe<strong>&nbsp;emitir su voto antes de las 20&nbsp;<\/strong>de este lunes, cuando concluye la sesi\u00f3n virtual que comenz\u00f3 a las 8 de la ma\u00f1ana.<\/p>\n\n\n\n<p>\u201cNo cabe duda de la necesidad de&nbsp;<strong>convertir el arresto domiciliario en prisi\u00f3n preventiva,&nbsp;<\/strong>debido a la necesidad de garantizar el orden p\u00fablico, asegurar la aplicaci\u00f3n de la ley penal y el incumplimiento de las medidas cautelares previamente aplicadas\u201d, declar\u00f3 Moraes.<\/p>\n\n\n\n<p>El magistrado remarc\u00f3 que \u201c<strong>Jair Messias Bolsonaro es reincidente en la violaci\u00f3n de las diversas medidas cautelares impuestas\u201d.<\/strong><\/p>\n\n\n\n<p>Seg\u00fan Moraes, Bolsonaro viol\u00f3 medidas cautelares sobre el uso de las redes sociales tanto en julio como en agosto.<\/p>\n\n\n\n<p>\u201cDecret\u00e9 la prisi\u00f3n domiciliariade Jair Messias Bolsonaro enfatizando expresamente que el incumplimiento de sus normas o de cualquiera de las medidas cautelares&nbsp;<strong>implicar\u00eda su revocaci\u00f3n y el decreto inmediato de prisi\u00f3n preventiva&#8221;<\/strong>, dijo.<\/p>\n\n\n\n<p>Moraes declar\u00f3 que\u00a0el expresidente, durante su arresto domiciliario, viol\u00f3 la orden de\u00a0<strong>aparecer en videos difundidos por simpatizantes\u00a0<\/strong>durante las manifestaciones del domingo, dado que la Justicia le prohibi\u00f3 el uso de las redes sociales, incluso a trav\u00e9s de otras personas.<\/p>\n\n\n\n<p>Sin embargo, para la Corte Suprema de Justicia, el continuo&nbsp;<strong>desacato a las medidas cautelares<\/strong>&nbsp;no ces\u00f3. Se intensific\u00f3 el pasado viernes 21 de noviembre, cuando Bolsonaro viol\u00f3, deliberada y conscientemente, el equipo de monitoreo electr\u00f3nico.<\/p>\n\n\n\n<p>El propio ministro Moraes cont\u00f3 que el expresidente brasile\u00f1o admiti\u00f3 haber violado el brazalete del tobillo tanto<strong>&nbsp;al ser abordado por equipos<\/strong>&nbsp;de la Secretar\u00eda Estatal de Administraci\u00f3n Penitenciaria del Distrito Federal como en la custodia de este domingo.<\/p>\n\n\n\n<p>Por su parte, Fl\u00e1vio Dino cit\u00f3 los viajes de congresistas alineados con\u00a0Bolsonaro\u00a0a Estados Unidos como los que hizo el hijo del expresidente.<\/p>\n\n\n\n<p>\u201cLas fugas a otros pa\u00edses de diputados federales que perpetraron delitos similares y conexos, vali\u00e9ndose de diversas artima\u00f1as, demuestran el ambiente de&nbsp;<strong>alteraci\u00f3n del orden p\u00fablico&nbsp;<\/strong>en el que opera la organizaci\u00f3n criminal encabezada por el condenado, conformando un cuadro que es consistente con el conjunto de ilegalidades ya condenadas por el Poder Judicial\u201d, se\u00f1al\u00f3.<\/p>\n\n\n\n<p>Para cerrar, Dino agreg\u00f3: \u201cLas fugas mencionadas demuestran una&nbsp;<strong>profunda deslealtad a las instituciones nacionales,&nbsp;<\/strong>conformando un deplorable ecosistema criminal\u201d.<\/p>\n","protected":false},"excerpt":{"rendered":"<p>La mayor\u00eda de la Primera Sala del Supremo Tribunal Federal aval\u00f3 la decisi\u00f3n del ministro Alexandre de Moraes, quien determin\u00f3 la prisi\u00f3n preventiva del expresidente. La Corte de Suprema de&hellip; <\/p>\n","protected":false},"author":6,"featured_media":237233,"comment_status":"closed","ping_status":"open","sticky":false,"template":"","format":"standard","meta":{"footnotes":""},"categories":[11],"tags":[],"class_list":["post-237229","post","type-post","status-publish","format-standard","has-post-thumbnail","hentry","category-internacionales"],"_links":{"self":[{"href":"https:\/\/corrientesdetarde.com\/index.php\/wp-json\/wp\/v2\/posts\/237229","targetHints":{"allow":["GET"]}}],"collection":[{"href":"https:\/\/corrientesdetarde.com\/index.php\/wp-json\/wp\/v2\/posts"}],"about":[{"href":"https:\/\/corrientesdetarde.com\/index.php\/wp-json\/wp\/v2\/types\/post"}],"author":[{"embeddable":true,"href":"https:\/\/corrientesdetarde.com\/index.php\/wp-json\/wp\/v2\/users\/6"}],"replies":[{"embeddable":true,"href":"https:\/\/corrientesdetarde.com\/index.php\/wp-json\/wp\/v2\/comments?post=237229"}],"version-history":[{"count":1,"href":"https:\/\/corrientesdetarde.com\/index.php\/wp-json\/wp\/v2\/posts\/237229\/revisions"}],"predecessor-version":[{"id":237234,"href":"https:\/\/corrientesdetarde.com\/index.php\/wp-json\/wp\/v2\/posts\/237229\/revisions\/237234"}],"wp:featuredmedia":[{"embeddable":true,"href":"https:\/\/corrientesdetarde.com\/index.php\/wp-json\/wp\/v2\/media\/237233"}],"wp:attachment":[{"href":"https:\/\/corrientesdetarde.com\/index.php\/wp-json\/wp\/v2\/media?parent=237229"}],"wp:term":[{"taxonomy":"category","embeddable":true,"href":"https:\/\/corrientesdetarde.com\/index.php\/wp-json\/wp\/v2\/categories?post=237229"},{"taxonomy":"post_tag","embeddable":true,"href":"https:\/\/corrientesdetarde.com\/index.php\/wp-json\/wp\/v2\/tags?post=237229"}],"curies":[{"name":"wp","href":"https:\/\/api.w.org\/{rel}","templated":true}]}}