{"id":237230,"date":"2025-11-24T17:20:00","date_gmt":"2025-11-24T20:20:00","guid":{"rendered":"https:\/\/corrientesdetarde.com\/?p=237230"},"modified":"2025-11-24T17:17:11","modified_gmt":"2025-11-24T20:17:11","slug":"el-exgobernador-de-cordoba-juan-schiaretti-sera-sometido-a-una-operacion","status":"publish","type":"post","link":"https:\/\/corrientesdetarde.com\/index.php\/politica\/el-exgobernador-de-cordoba-juan-schiaretti-sera-sometido-a-una-operacion\/","title":{"rendered":"El exgobernador de C\u00f3rdoba Juan Schiaretti ser\u00e1 sometido a una operaci\u00f3n."},"content":{"rendered":"\n<h2 class=\"wp-block-heading\">Inform\u00f3 a trav\u00e9s de sus redes que le sustituir\u00e1n la v\u00e1lvula a\u00f3rtica mediante un cateterismo.<\/h2>\n\n\n\n<p>El exgobernador de C\u00f3rdoba\u00a0Juan Schiaretti\u00a0viajar\u00e1 a Buenos Aires el pr\u00f3ximo viernes para\u00a0<strong>ser someterse a una intervenci\u00f3n card\u00edaca.<\/strong><\/p>\n\n\n\n<p>La noticia la dio a conocer a trav\u00e9s de sus redes sociales, donde, explic\u00f3,<strong>&nbsp;le sustituir\u00e1n la v\u00e1lvula a\u00f3rtica mediante un cateterismo.<\/strong><\/p>\n\n\n\n<p>\u201cPor recomendaci\u00f3n m\u00e9dica, el procedimiento fue programado y se realizar\u00e1 en la Fundaci\u00f3n Favaloro de la ciudad de Buenos Aires\u201d, inform\u00f3 a trav\u00e9s de sus redes sociales.<\/p>\n\n\n\n<p>La decisi\u00f3n de avanzar con el tratamiento fue tomada por recomendaci\u00f3n m\u00e9dica, luego de estudios que determinaron la necesidad de reemplazar la v\u00e1lvula para mejorar su funcionamiento, informaron en el medio local&nbsp;<em>La Voz.<\/em><\/p>\n\n\n\n<p>Adem\u00e1s, desde el equipo del dirigente se\u00f1alaron que se trata de una intervenci\u00f3n planificada y que Schiaretti, quien es paciente de alto riesgo al tener diabetes,<strong>&nbsp;se encuentra en buen estado general para afrontar la intervenci\u00f3n.<\/strong><\/p>\n\n\n\n<p>La Fundaci\u00f3n Favaloro, uno de los centros de salud m\u00e1s reconocidos del pa\u00eds por su especializaci\u00f3n en cardiolog\u00eda, ser\u00e1 donde se lleve adelante el procedimiento.<\/p>\n\n\n\n<p>Luego de la operaci\u00f3n, se espera que el exmandatario provincial permanezca internado bajo observaci\u00f3n durante el tiempo que indiquen los profesionales.<\/p>\n\n\n\n<p>Schiaretti, de 76 a\u00f1os, termin\u00f3 su mandato al frente de la provincia de C\u00f3rdoba en 2023 y este a\u00f1o result\u00f3 electo diputado nacional.<\/p>\n\n\n\n<p>En las elecciones legislativas de octubre, la coalici\u00f3n Provincias Unidas, por la que particip\u00f3, termin\u00f3 en segundo lugar, 14 puntos detr\u00e1s de La Libertad Avanza.<\/p>\n\n\n\n<p>Schiaretti podr\u00eda asumir sin inconvenientes su banca luego de la intervenci\u00f3n card\u00edaca de no presentarse ninguna complicaci\u00f3n.<\/p>\n","protected":false},"excerpt":{"rendered":"<p>Inform\u00f3 a trav\u00e9s de sus redes que le sustituir\u00e1n la v\u00e1lvula a\u00f3rtica mediante un cateterismo. El exgobernador de C\u00f3rdoba\u00a0Juan Schiaretti\u00a0viajar\u00e1 a Buenos Aires el pr\u00f3ximo viernes para\u00a0ser someterse a una&hellip; <\/p>\n","protected":false},"author":6,"featured_media":237235,"comment_status":"closed","ping_status":"open","sticky":false,"template":"","format":"standard","meta":{"footnotes":""},"categories":[3],"tags":[],"class_list":["post-237230","post","type-post","status-publish","format-standard","has-post-thumbnail","hentry","category-politica"],"_links":{"self":[{"href":"https:\/\/corrientesdetarde.com\/index.php\/wp-json\/wp\/v2\/posts\/237230","targetHints":{"allow":["GET"]}}],"collection":[{"href":"https:\/\/corrientesdetarde.com\/index.php\/wp-json\/wp\/v2\/posts"}],"about":[{"href":"https:\/\/corrientesdetarde.com\/index.php\/wp-json\/wp\/v2\/types\/post"}],"author":[{"embeddable":true,"href":"https:\/\/corrientesdetarde.com\/index.php\/wp-json\/wp\/v2\/users\/6"}],"replies":[{"embeddable":true,"href":"https:\/\/corrientesdetarde.com\/index.php\/wp-json\/wp\/v2\/comments?post=237230"}],"version-history":[{"count":1,"href":"https:\/\/corrientesdetarde.com\/index.php\/wp-json\/wp\/v2\/posts\/237230\/revisions"}],"predecessor-version":[{"id":237236,"href":"https:\/\/corrientesdetarde.com\/index.php\/wp-json\/wp\/v2\/posts\/237230\/revisions\/237236"}],"wp:featuredmedia":[{"embeddable":true,"href":"https:\/\/corrientesdetarde.com\/index.php\/wp-json\/wp\/v2\/media\/237235"}],"wp:attachment":[{"href":"https:\/\/corrientesdetarde.com\/index.php\/wp-json\/wp\/v2\/media?parent=237230"}],"wp:term":[{"taxonomy":"category","embeddable":true,"href":"https:\/\/corrientesdetarde.com\/index.php\/wp-json\/wp\/v2\/categories?post=237230"},{"taxonomy":"post_tag","embeddable":true,"href":"https:\/\/corrientesdetarde.com\/index.php\/wp-json\/wp\/v2\/tags?post=237230"}],"curies":[{"name":"wp","href":"https:\/\/api.w.org\/{rel}","templated":true}]}}