{"id":237237,"date":"2025-11-24T17:30:00","date_gmt":"2025-11-24T20:30:00","guid":{"rendered":"https:\/\/corrientesdetarde.com\/?p=237237"},"modified":"2025-11-24T17:19:07","modified_gmt":"2025-11-24T20:19:07","slug":"un-jugador-de-los-pumas-sufrio-una-grave-lesion-y-estara-varios-meses-sin-jugar","status":"publish","type":"post","link":"https:\/\/corrientesdetarde.com\/index.php\/deportes\/un-jugador-de-los-pumas-sufrio-una-grave-lesion-y-estara-varios-meses-sin-jugar\/","title":{"rendered":"Un jugador de Los Pumas sufri\u00f3 una grave lesi\u00f3n y estar\u00e1 varios meses sin jugar."},"content":{"rendered":"\n<h2 class=\"wp-block-heading\">El Fullback argentino fue tackelado a destiempo en el final del partido y tuvo que dejar la cancha. Felipe Contepomi se quej\u00f3 en conferencia de prensa y acus\u00f3 a un jugador ingl\u00e9s de tener mala intenci\u00f3n.<\/h2>\n\n\n\n<p><strong>Los Pumas<\/strong>\u00a0terminaron el a\u00f1o con una mala noticia ya que\u00a0<strong>Juan Cruz Mall\u00eda<\/strong>, uno de los l\u00edderes y referentes del equipo,\u00a0<strong>sufri\u00f3 una grave lesi\u00f3n durante el partido ante Inglaterra<\/strong>, que lo dejar\u00e1 varios meses afuera de las canchas.<\/p>\n\n\n\n<p>En el parte m\u00e9dico oficial de la UAR se confirm\u00f3 una\u00a0<strong>lesi\u00f3n post-traum\u00e1tica del ligamento cruzado anterior de la rodilla derecha<\/strong>, tras un tackle tard\u00edo de Tom Curry. Seg\u00fan el cuerpo t\u00e9cnico argentino, la acci\u00f3n fue \u201cimprudente\u201d y dej\u00f3 a Mall\u00eda tendido en el piso, con signos claros de dolor, lo que deriv\u00f3 en su reemplazo inmediato.<\/p>\n\n\n\n<p>Felipe Contepomi, entrenador de Los Pumas, manifest\u00f3 su enojo en conferencia de prensa:\u00a0<strong>calific\u00f3 la entrada de Curry como peligrosa<\/strong>\u00a0y critic\u00f3 que los \u00e1rbitros no revisaran la jugada con asistencia de video. Adem\u00e1s, denunci\u00f3 un episodio posterior al partido:\u00a0<strong>asegur\u00f3 que Curry lo empuj\u00f3 en el t\u00fanel y le respondi\u00f3 con insultos<\/strong>, lo que profundiz\u00f3 la tensi\u00f3n entre ambos.<\/p>\n\n\n\n<p>Desde Inglaterra, el t\u00e9cnico Steve Borthwick defendi\u00f3 a su jugador, elogi\u00f3 su car\u00e1cter y dijo que quienes lo conocen saben que es una persona \u201crespetuosa\u201d e \u00edntegra. La UAR, por su parte, a\u00fan no detall\u00f3 un pron\u00f3stico concreto para la recuperaci\u00f3n de Mall\u00eda, aunque&nbsp;<strong>se estima que no podr\u00e1 jugar por los pr\u00f3ximos tres o cuatro meses.<\/strong><\/p>\n\n\n\n<p>El incidente desat\u00f3 un pedido formal de investigaci\u00f3n por parte del equipo argentino, no s\u00f3lo por el tacleo que lesion\u00f3 a Mall\u00eda sino tambi\u00e9n por lo ocurrido en el t\u00fanel. Esta situaci\u00f3n abre un<strong>&nbsp;debate m\u00e1s amplio sobre la seguridad en el rugby<\/strong>, el uso del TMO y la responsabilidad de los jugadores en acciones que pueden provocar lesiones serias.<\/p>\n\n\n\n<p>La baja de Mall\u00eda representa un golpe duro para Los Pumas, tanto en lo deportivo como en lo simb\u00f3lico: pierden a un back fundamental, justo cuando el equipo busca consolidarse, y adem\u00e1s se ve obligado a encarar esta pol\u00e9mica que puede tener consecuencias m\u00e1s all\u00e1 del terreno de juego.<\/p>\n","protected":false},"excerpt":{"rendered":"<p>El Fullback argentino fue tackelado a destiempo en el final del partido y tuvo que dejar la cancha. Felipe Contepomi se quej\u00f3 en conferencia de prensa y acus\u00f3 a un&hellip; <\/p>\n","protected":false},"author":6,"featured_media":237238,"comment_status":"closed","ping_status":"open","sticky":false,"template":"","format":"standard","meta":{"footnotes":""},"categories":[4],"tags":[],"class_list":["post-237237","post","type-post","status-publish","format-standard","has-post-thumbnail","hentry","category-deportes"],"_links":{"self":[{"href":"https:\/\/corrientesdetarde.com\/index.php\/wp-json\/wp\/v2\/posts\/237237","targetHints":{"allow":["GET"]}}],"collection":[{"href":"https:\/\/corrientesdetarde.com\/index.php\/wp-json\/wp\/v2\/posts"}],"about":[{"href":"https:\/\/corrientesdetarde.com\/index.php\/wp-json\/wp\/v2\/types\/post"}],"author":[{"embeddable":true,"href":"https:\/\/corrientesdetarde.com\/index.php\/wp-json\/wp\/v2\/users\/6"}],"replies":[{"embeddable":true,"href":"https:\/\/corrientesdetarde.com\/index.php\/wp-json\/wp\/v2\/comments?post=237237"}],"version-history":[{"count":1,"href":"https:\/\/corrientesdetarde.com\/index.php\/wp-json\/wp\/v2\/posts\/237237\/revisions"}],"predecessor-version":[{"id":237239,"href":"https:\/\/corrientesdetarde.com\/index.php\/wp-json\/wp\/v2\/posts\/237237\/revisions\/237239"}],"wp:featuredmedia":[{"embeddable":true,"href":"https:\/\/corrientesdetarde.com\/index.php\/wp-json\/wp\/v2\/media\/237238"}],"wp:attachment":[{"href":"https:\/\/corrientesdetarde.com\/index.php\/wp-json\/wp\/v2\/media?parent=237237"}],"wp:term":[{"taxonomy":"category","embeddable":true,"href":"https:\/\/corrientesdetarde.com\/index.php\/wp-json\/wp\/v2\/categories?post=237237"},{"taxonomy":"post_tag","embeddable":true,"href":"https:\/\/corrientesdetarde.com\/index.php\/wp-json\/wp\/v2\/tags?post=237237"}],"curies":[{"name":"wp","href":"https:\/\/api.w.org\/{rel}","templated":true}]}}