{"id":237241,"date":"2025-11-24T17:50:00","date_gmt":"2025-11-24T20:50:00","guid":{"rendered":"https:\/\/corrientesdetarde.com\/?p=237241"},"modified":"2025-11-24T17:25:19","modified_gmt":"2025-11-24T20:25:19","slug":"rusia-endurecio-su-posicion-sobre-ucrania","status":"publish","type":"post","link":"https:\/\/corrientesdetarde.com\/index.php\/internacionales\/rusia-endurecio-su-posicion-sobre-ucrania\/","title":{"rendered":"Rusia endureci\u00f3 su posici\u00f3n sobre Ucrania."},"content":{"rendered":"\n<h2 class=\"wp-block-heading\">Vladimir Putin rechaz\u00f3 todas las enmiendas hechas por la UE y Kiev a la iniciativa de 28 puntos elevada por Donald Trump.<\/h2>\n\n\n\n<p>Rusia rechaz\u00f3 este lunes cualquier cambio a la\u00a0propuesta de paz original de Estados Unidos\u00a0para poner fin a la guerra de Ucrania y rechaz\u00f3 las modificaciones consensuadas por ucranianos y la Uni\u00f3n Europea a la iniciativa de\u00a0<strong>Donald Trump<\/strong>.<\/p>\n\n\n\n<p>Menos de 24 horas despu\u00e9s de que Kiev y Bruselas consiguieran eliminar del acuerdo los puntos que cruzaban \u201cl\u00edneas rojas\u201d, el presidente de Rusia,<strong>\u00a0Vlad\u00edmir Putin<\/strong>, se aferr\u00f3 a la primera versi\u00f3n del plan, considerada demasiada prorrusa por Ucrania y la Uni\u00f3n Europea (UE).<\/p>\n\n\n\n<p>\u201cEn lo que se refiere a los planes que circulan por ah\u00ed, esta ma\u00f1ana tuvimos conocimiento del plan europeo que, a primera vista, es absolutamente no constructivo, no nos conviene\u201d, dijo el asesor internacional del Kremlin,&nbsp;<strong>Yuri Ushakov<\/strong>.<\/p>\n\n\n\n<p>El consejero del presidente dijo que considera \u201cl\u00f3gico\u201d que se organice una reuni\u00f3n presencial con emisarios de EE.UU. para alinearlo con los intereses de Rusia, como hicieron el domingo los negociadores ucranianos con apoyo de los europeos con el texto inicial presentado por EE.UU.<\/p>\n\n\n\n<p>As\u00ed, Putin respald\u00f3 la primera versi\u00f3n del plan de paz para Ucrania de 28 puntos presentado por EE.UU. durante una conversaci\u00f3n telef\u00f3nica con el l\u00edder turco,&nbsp;<strong>Recep Tayyip Erdogan<\/strong>. Seg\u00fan afirm\u00f3, esta iniciativa podr\u00eda \u201csentar las bases para un arreglo pac\u00edfico definitivo\u201d en Ucrania.<\/p>\n\n\n\n<h2 class=\"wp-block-heading\">Cu\u00e1les son los puntos de la discordia<\/h2>\n\n\n\n<p>Entre los puntos clave que la UE ped\u00eda eliminar destaca el que preve\u00eda que Ucrania retire a sus tropas de la parte que a\u00fan controla de la regi\u00f3n oriental de Donb\u00e1s.<\/p>\n\n\n\n<p>La UE propone la actual l\u00ednea de contacto como referencia para el reparto de tierras y sugiere que Ucrania se comprometa a no tratar de recuperar por la v\u00eda militar ning\u00fan territorio.<\/p>\n\n\n\n<p>La propuesta europea tambi\u00e9n solicita modificar los art\u00edculos que descartaban la entrada de Ucrania a la OTAN y el despliegue en suelo ucraniano de tropas de la Alianza Atl\u00e1ntica.<\/p>\n\n\n\n<p>El plan de Europa tampoco acepta que 100.000 millones de d\u00f3lares en activos rusos congelados en Occidente se inviertan en esfuerzos de reconstrucci\u00f3n de Ucrania liderados por EE.UU., que seg\u00fan un punto del plan inicial que quieren cambiar los europeos se beneficiar\u00eda de la mitad de los ingresos que genere esa inversi\u00f3n.<\/p>\n\n\n\n<p>La UE tambi\u00e9n rechaza la reintegraci\u00f3n inmediata de Rusia al sistema de comercio internacional y apuesta en su lugar por un levantamiento gradual de las sanciones.<\/p>\n\n\n\n<p>Por el momento no se desconoce cu\u00e1les de las propuestas europeas fueron finalmente incluidas en el acuerdo marco que sali\u00f3 de las consultas del domingo en Ginebra entre estadounidenses y ucranianos, si bien el jefe de la diplomacia alemana,&nbsp;<strong>Johann Wadephul<\/strong>, asegur\u00f3 este lunes que \u201ctodo\u201d aquello que iba en perjuicio de la OTAN y la UE en el \u00faltimo borrador fue eliminado.<\/p>\n\n\n\n<p>Seg\u00fan&nbsp;<em>The Financial Times<\/em>, el documento surgido de las reuniones de Ginebra qued\u00f3 reducido a 19 ep\u00edgrafes de un total de 28.<\/p>\n\n\n\n<h2 class=\"wp-block-heading\">M\u00e1s contactos de Zelenski con Europa<\/h2>\n\n\n\n<p>A lo largo de la jornada del lunes, el presidente ucraniano,&nbsp;<strong>Volod\u00edmir Zelenski<\/strong>, mantuvo contactos con algunos de sus principales aliados europeos para seguir coordinando posiciones de cara a los pr\u00f3ximos pasos en las negociaciones.<\/p>\n\n\n\n<p>Zelenski explic\u00f3 que ser\u00e1 informado en profundidad de las negociaciones del domingo en Ginebra cuando su equipo negociador aterrice en Kiev procedente de Suiza.<\/p>\n\n\n\n<p>Desde la capital de Angola, donde participa en una cumbre entre la UE y la Uni\u00f3n Africana (UA), la presidenta de la Comisi\u00f3n Europea (CE), Ursula von der Leyen, insisti\u00f3 en&nbsp;<strong>pedir una salida a la guerra que respete \u201cel territorio y la soberan\u00eda\u201d de Ucrania<\/strong>, y que el pa\u00eds pueda decidir su futuro por s\u00ed mismo sin imposiciones de Rusia.<\/p>\n\n\n\n<p>Pese a lo evidente de las diferencias a\u00fan existentes entre Ucrania y Rusia sobre la propuesta de paz, el presidente de EE.UU., Donald Trump, afirm\u00f3 este lunes que<strong>&nbsp;\u201calgo bueno\u201d puede estar sucediendo en los esfuerzos para poner fin a la guerra rusa<\/strong>.<\/p>\n\n\n\n<p>\u201c\u00bfEs realmente posible que se est\u00e9n logrando grandes avances en las conversaciones de paz entre Rusia y Ucrania?&nbsp;<strong>No lo crean hasta que lo vean<\/strong>, pero algo bueno podr\u00eda estar sucediendo\u201d, escribi\u00f3 en su red&nbsp;<em>Truth Social<\/em>.<\/p>\n","protected":false},"excerpt":{"rendered":"<p>Vladimir Putin rechaz\u00f3 todas las enmiendas hechas por la UE y Kiev a la iniciativa de 28 puntos elevada por Donald Trump. Rusia rechaz\u00f3 este lunes cualquier cambio a la\u00a0propuesta&hellip; <\/p>\n","protected":false},"author":6,"featured_media":237244,"comment_status":"closed","ping_status":"open","sticky":false,"template":"","format":"standard","meta":{"footnotes":""},"categories":[11],"tags":[],"class_list":["post-237241","post","type-post","status-publish","format-standard","has-post-thumbnail","hentry","category-internacionales"],"_links":{"self":[{"href":"https:\/\/corrientesdetarde.com\/index.php\/wp-json\/wp\/v2\/posts\/237241","targetHints":{"allow":["GET"]}}],"collection":[{"href":"https:\/\/corrientesdetarde.com\/index.php\/wp-json\/wp\/v2\/posts"}],"about":[{"href":"https:\/\/corrientesdetarde.com\/index.php\/wp-json\/wp\/v2\/types\/post"}],"author":[{"embeddable":true,"href":"https:\/\/corrientesdetarde.com\/index.php\/wp-json\/wp\/v2\/users\/6"}],"replies":[{"embeddable":true,"href":"https:\/\/corrientesdetarde.com\/index.php\/wp-json\/wp\/v2\/comments?post=237241"}],"version-history":[{"count":1,"href":"https:\/\/corrientesdetarde.com\/index.php\/wp-json\/wp\/v2\/posts\/237241\/revisions"}],"predecessor-version":[{"id":237245,"href":"https:\/\/corrientesdetarde.com\/index.php\/wp-json\/wp\/v2\/posts\/237241\/revisions\/237245"}],"wp:featuredmedia":[{"embeddable":true,"href":"https:\/\/corrientesdetarde.com\/index.php\/wp-json\/wp\/v2\/media\/237244"}],"wp:attachment":[{"href":"https:\/\/corrientesdetarde.com\/index.php\/wp-json\/wp\/v2\/media?parent=237241"}],"wp:term":[{"taxonomy":"category","embeddable":true,"href":"https:\/\/corrientesdetarde.com\/index.php\/wp-json\/wp\/v2\/categories?post=237241"},{"taxonomy":"post_tag","embeddable":true,"href":"https:\/\/corrientesdetarde.com\/index.php\/wp-json\/wp\/v2\/tags?post=237241"}],"curies":[{"name":"wp","href":"https:\/\/api.w.org\/{rel}","templated":true}]}}