{"id":237247,"date":"2025-11-24T18:34:31","date_gmt":"2025-11-24T21:34:31","guid":{"rendered":"https:\/\/corrientesdetarde.com\/?p=237247"},"modified":"2025-11-24T18:34:44","modified_gmt":"2025-11-24T21:34:44","slug":"un-hombre-fue-demorado-por-causar-disturbios-en-la-via-publica","status":"publish","type":"post","link":"https:\/\/corrientesdetarde.com\/index.php\/policiales\/un-hombre-fue-demorado-por-causar-disturbios-en-la-via-publica\/","title":{"rendered":"Un hombre fue demorado por causar disturbios en la v\u00eda p\u00fablica."},"content":{"rendered":"\n<h2 class=\"wp-block-heading\">El operativo se realiz\u00f3 tras una denuncia por conducta agresiva y riesgo para terceros. El aprehendido tiene 43 a\u00f1os.<\/h2>\n\n\n\n<p>Efectivos de la Comisar\u00eda de Distrito Itat\u00ed demoraron a un hombre de 43 a\u00f1os que se encontraba en aparente estado de ebriedad, molestando y promoviendo desorden en la v\u00eda p\u00fablica, tras un aviso efectuado por una mujer que alert\u00f3 sobre su conducta frente a un menor de edad.<\/p>\n\n\n\n<p>El procedimiento tuvo lugar en inmediaciones de las calles Desiderio Sosa y Serapio S\u00e1nchez, donde los polic\u00edas observaron al sujeto a los gritos y con un pedazo de ca\u00f1o de hierro en sus manos. Al ser requisado, se constat\u00f3 que adem\u00e1s portaba un arma blanca entre sus pertenencias.<\/p>\n\n\n\n<p>Seg\u00fan se inform\u00f3, el individuo no pudo justificar su presencia ni su accionar en el lugar, evidenciando signos compatibles con la ingesta de bebidas alcoh\u00f3licas, lo que motiv\u00f3 su inmediata intervenci\u00f3n y control preventivo.<ins><\/ins><\/p>\n\n\n\n<p>El hombre fue trasladado a la dependencia policial correspondiente, donde qued\u00f3 demorado para continuar con los tr\u00e1mites administrativos y actuaciones de rigor.<\/p>\n","protected":false},"excerpt":{"rendered":"<p>El operativo se realiz\u00f3 tras una denuncia por conducta agresiva y riesgo para terceros. El aprehendido tiene 43 a\u00f1os. Efectivos de la Comisar\u00eda de Distrito Itat\u00ed demoraron a un hombre&hellip; <\/p>\n","protected":false},"author":6,"featured_media":237252,"comment_status":"closed","ping_status":"open","sticky":false,"template":"","format":"standard","meta":{"footnotes":""},"categories":[33],"tags":[],"class_list":["post-237247","post","type-post","status-publish","format-standard","has-post-thumbnail","hentry","category-policiales"],"_links":{"self":[{"href":"https:\/\/corrientesdetarde.com\/index.php\/wp-json\/wp\/v2\/posts\/237247","targetHints":{"allow":["GET"]}}],"collection":[{"href":"https:\/\/corrientesdetarde.com\/index.php\/wp-json\/wp\/v2\/posts"}],"about":[{"href":"https:\/\/corrientesdetarde.com\/index.php\/wp-json\/wp\/v2\/types\/post"}],"author":[{"embeddable":true,"href":"https:\/\/corrientesdetarde.com\/index.php\/wp-json\/wp\/v2\/users\/6"}],"replies":[{"embeddable":true,"href":"https:\/\/corrientesdetarde.com\/index.php\/wp-json\/wp\/v2\/comments?post=237247"}],"version-history":[{"count":1,"href":"https:\/\/corrientesdetarde.com\/index.php\/wp-json\/wp\/v2\/posts\/237247\/revisions"}],"predecessor-version":[{"id":237255,"href":"https:\/\/corrientesdetarde.com\/index.php\/wp-json\/wp\/v2\/posts\/237247\/revisions\/237255"}],"wp:featuredmedia":[{"embeddable":true,"href":"https:\/\/corrientesdetarde.com\/index.php\/wp-json\/wp\/v2\/media\/237252"}],"wp:attachment":[{"href":"https:\/\/corrientesdetarde.com\/index.php\/wp-json\/wp\/v2\/media?parent=237247"}],"wp:term":[{"taxonomy":"category","embeddable":true,"href":"https:\/\/corrientesdetarde.com\/index.php\/wp-json\/wp\/v2\/categories?post=237247"},{"taxonomy":"post_tag","embeddable":true,"href":"https:\/\/corrientesdetarde.com\/index.php\/wp-json\/wp\/v2\/tags?post=237247"}],"curies":[{"name":"wp","href":"https:\/\/api.w.org\/{rel}","templated":true}]}}