{"id":237251,"date":"2025-11-24T18:28:35","date_gmt":"2025-11-24T21:28:35","guid":{"rendered":"https:\/\/corrientesdetarde.com\/?p=237251"},"modified":"2025-11-24T18:28:46","modified_gmt":"2025-11-24T21:28:46","slug":"mirtha-gomez-villalba-gana-el-martin-fierro-latino-2025-como-mejor-presentadora-de-viajes-y-turismo","status":"publish","type":"post","link":"https:\/\/corrientesdetarde.com\/index.php\/actualidad\/mirtha-gomez-villalba-gana-el-martin-fierro-latino-2025-como-mejor-presentadora-de-viajes-y-turismo\/","title":{"rendered":"Mirtha G\u00f3mez Villalba gana el Mart\u00edn Fierro Latino 2025 como mejor Presentadora de Viajes y Turismo"},"content":{"rendered":"\n<p><strong>Miami, Florida \u2013 24 de noviembre de 2025<\/strong> \u2013 La conductora y productora argentina <strong>Mirtha G\u00f3mez Villalba<\/strong> ha sido galardonada con el prestigioso premio <strong>Mart\u00edn Fierro Latino 2025<\/strong> en la categor\u00eda de <strong>Presentador\/a de Viajes y Turismo en TV y Plataformas<\/strong>. El reconocimiento a la conductora del aclamado ciclo <em>\u201c<a href=\"https:\/\/mundovisual.tv\/\"><em>Mundo Visual<\/em><\/a>\u201d<\/em> subraya la excelencia de la producci\u00f3n de contenidos de <strong>turismo<\/strong> en la televisi\u00f3n hispana.<\/p>\n\n\n\n<p>La ceremonia de premiaci\u00f3n, organizada por la Asociaci\u00f3n de Periodistas de la Televisi\u00f3n y la Radiofon\u00eda Argentinas (APTRA), se celebr\u00f3 la noche del 23 de noviembre en el exclusivo hotel JW Marriott de Brickell Avenue, en <strong>Miami<\/strong>. El evento reuni\u00f3 a figuras clave del <strong>entretenimiento<\/strong> y la <strong>comunicaci\u00f3n<\/strong> de toda Latinoam\u00e9rica para celebrar lo mejor de la <strong>televisi\u00f3n<\/strong>, la <strong>radio<\/strong> y las <strong>plataformas digitales<\/strong>.<\/p>\n\n\n\n<p><strong>Reconocimiento a una Trayectoria de Pasi\u00f3n por Viajar<\/strong><\/p>\n\n\n\n<p>El galard\u00f3n fue entregado a Mirtha G\u00f3mez Villalba por la periodista Nancy Dur\u00e9, en representaci\u00f3n de APTRA. La estatuilla reconoce el talento, la dedicaci\u00f3n y el profesionalismo que G\u00f3mez Villalba ha demostrado a lo largo de su carrera al frente de <em>\u201cMundo Visual\u201d<\/em>, un programa que se ha consolidado como referente en la promoci\u00f3n del turismo internacional y nacional.<\/p>\n\n\n\n<p>Al recibir el <strong>Mart\u00edn Fierro Latino<\/strong>, la presentadora argentina expres\u00f3 su profunda emoci\u00f3n:<\/p>\n\n\n\n<p>&#8220;Dicen que viajar ayuda a vivir, ese es mi lema y realmente a m\u00ed me ayuda mucho a vivir. Y esta distinci\u00f3n tan importante como presentadora es un doble premio. Es un doble premio \u00bfPor qu\u00e9? Primero por tener la estatuilla en la mano y segundo porque cada vez que me voy de viaje, presentar un destino tur\u00edstico es un placer que me llena el coraz\u00f3n y el alma.&#8221;<\/p>\n\n\n\n<p>G\u00f3mez Villalba tambi\u00e9n extendi\u00f3 su agradecimiento a APTRA, a A24 y Am\u00e9rica TV por apoyar el programa, y a su equipo de producci\u00f3n.<\/p>\n\n\n\n<p>La premiaci\u00f3n de Mirtha G\u00f3mez Villalba en los <strong>Mart\u00edn Fierro Latino 2025<\/strong> celebra su habilidad para combinar la pasi\u00f3n por los <strong>viajes<\/strong> con la comunicaci\u00f3n, adem\u00e1s de realzar la importancia del contenido de viajes y <strong>cultura<\/strong> en los medios de la regi\u00f3n. Su programa, conocido por informar, entretener y educar, contin\u00faa inspirando a miles de televidentes a explorar el mundo.<\/p>\n","protected":false},"excerpt":{"rendered":"<p>Miami, Florida \u2013 24 de noviembre de 2025 \u2013 La conductora y productora argentina Mirtha G\u00f3mez Villalba ha sido galardonada con el prestigioso premio Mart\u00edn Fierro Latino 2025 en la&hellip; <\/p>\n","protected":false},"author":11,"featured_media":237253,"comment_status":"closed","ping_status":"open","sticky":false,"template":"","format":"standard","meta":{"footnotes":""},"categories":[23],"tags":[],"class_list":["post-237251","post","type-post","status-publish","format-standard","has-post-thumbnail","hentry","category-actualidad"],"_links":{"self":[{"href":"https:\/\/corrientesdetarde.com\/index.php\/wp-json\/wp\/v2\/posts\/237251","targetHints":{"allow":["GET"]}}],"collection":[{"href":"https:\/\/corrientesdetarde.com\/index.php\/wp-json\/wp\/v2\/posts"}],"about":[{"href":"https:\/\/corrientesdetarde.com\/index.php\/wp-json\/wp\/v2\/types\/post"}],"author":[{"embeddable":true,"href":"https:\/\/corrientesdetarde.com\/index.php\/wp-json\/wp\/v2\/users\/11"}],"replies":[{"embeddable":true,"href":"https:\/\/corrientesdetarde.com\/index.php\/wp-json\/wp\/v2\/comments?post=237251"}],"version-history":[{"count":1,"href":"https:\/\/corrientesdetarde.com\/index.php\/wp-json\/wp\/v2\/posts\/237251\/revisions"}],"predecessor-version":[{"id":237254,"href":"https:\/\/corrientesdetarde.com\/index.php\/wp-json\/wp\/v2\/posts\/237251\/revisions\/237254"}],"wp:featuredmedia":[{"embeddable":true,"href":"https:\/\/corrientesdetarde.com\/index.php\/wp-json\/wp\/v2\/media\/237253"}],"wp:attachment":[{"href":"https:\/\/corrientesdetarde.com\/index.php\/wp-json\/wp\/v2\/media?parent=237251"}],"wp:term":[{"taxonomy":"category","embeddable":true,"href":"https:\/\/corrientesdetarde.com\/index.php\/wp-json\/wp\/v2\/categories?post=237251"},{"taxonomy":"post_tag","embeddable":true,"href":"https:\/\/corrientesdetarde.com\/index.php\/wp-json\/wp\/v2\/tags?post=237251"}],"curies":[{"name":"wp","href":"https:\/\/api.w.org\/{rel}","templated":true}]}}