{"id":237256,"date":"2025-11-24T18:38:47","date_gmt":"2025-11-24T21:38:47","guid":{"rendered":"https:\/\/corrientesdetarde.com\/?p=237256"},"modified":"2025-11-25T08:02:56","modified_gmt":"2025-11-25T11:02:56","slug":"un-carnicero-fue-detenido-por-presunto-abigeato","status":"publish","type":"post","link":"https:\/\/corrientesdetarde.com\/index.php\/destacados\/un-carnicero-fue-detenido-por-presunto-abigeato\/","title":{"rendered":"Un carnicero fue detenido por presunto abigeato."},"content":{"rendered":"\n<p>La investigaci\u00f3n comenz\u00f3 tras una denuncia radicada el 22 de noviembre. Ese d\u00eda de hallaron restos de faena en el establecimiento ganadero Rinc\u00f3n del Bugre, zona rural de Paraje Talaty, departamento de General Paz.<\/p>\n\n\n\n<p>Personal de la Polic\u00eda Rural y ecol\u00f3gica de Caa Cat\u00ed inici\u00f3 una investigaci\u00f3n que permiti\u00f3 establecer indicios contra C\u00e9sar B. Ser\u00eda propietario de un domicilio y una carnicer\u00eda en esa localidad.<\/p>\n\n\n\n<p>Con los elementos reunidos, la Justicia libr\u00f3 dos \u00f3rdenes de allanamiento. Ayer, alrededor de las 06:30 horas, se ejecut\u00f3 las medidas en ambos inmuebles.<\/p>\n\n\n\n<p>Se secuestr\u00f3 &nbsp;90 kilos de productos c\u00e1rnicos y menudencias con restos de tierra, pasto y cuero.<\/p>\n\n\n\n<p>Tambi\u00e9n elementos de faena como cuchillos, chaira, ganchos, serruchos, balanza, pil\u00f3n, aparejo, cuerdas y lazos.<\/p>\n\n\n\n<p>Adem\u00e1s, una camioneta pick-up Toyota Hilux &nbsp;presumiblemente utilizada para el traslado del animal que habr\u00eda sido faenado ilegalmente.<\/p>\n\n\n\n<p>Por otra parte, se procedi\u00f3 a la detenci\u00f3n del sospechoso. Qued\u00f3 alojado a disposici\u00f3n de la Justicia provincial al igual que todos los elementos incautados.<\/p>\n","protected":false},"excerpt":{"rendered":"<p>La investigaci\u00f3n comenz\u00f3 tras una denuncia radicada el 22 de noviembre. Ese d\u00eda de hallaron restos de faena en el establecimiento ganadero Rinc\u00f3n del Bugre, zona rural de Paraje Talaty,&hellip; <\/p>\n","protected":false},"author":6,"featured_media":237259,"comment_status":"closed","ping_status":"open","sticky":false,"template":"","format":"standard","meta":{"footnotes":""},"categories":[26,33],"tags":[],"class_list":["post-237256","post","type-post","status-publish","format-standard","has-post-thumbnail","hentry","category-destacados","category-policiales"],"_links":{"self":[{"href":"https:\/\/corrientesdetarde.com\/index.php\/wp-json\/wp\/v2\/posts\/237256","targetHints":{"allow":["GET"]}}],"collection":[{"href":"https:\/\/corrientesdetarde.com\/index.php\/wp-json\/wp\/v2\/posts"}],"about":[{"href":"https:\/\/corrientesdetarde.com\/index.php\/wp-json\/wp\/v2\/types\/post"}],"author":[{"embeddable":true,"href":"https:\/\/corrientesdetarde.com\/index.php\/wp-json\/wp\/v2\/users\/6"}],"replies":[{"embeddable":true,"href":"https:\/\/corrientesdetarde.com\/index.php\/wp-json\/wp\/v2\/comments?post=237256"}],"version-history":[{"count":2,"href":"https:\/\/corrientesdetarde.com\/index.php\/wp-json\/wp\/v2\/posts\/237256\/revisions"}],"predecessor-version":[{"id":237293,"href":"https:\/\/corrientesdetarde.com\/index.php\/wp-json\/wp\/v2\/posts\/237256\/revisions\/237293"}],"wp:featuredmedia":[{"embeddable":true,"href":"https:\/\/corrientesdetarde.com\/index.php\/wp-json\/wp\/v2\/media\/237259"}],"wp:attachment":[{"href":"https:\/\/corrientesdetarde.com\/index.php\/wp-json\/wp\/v2\/media?parent=237256"}],"wp:term":[{"taxonomy":"category","embeddable":true,"href":"https:\/\/corrientesdetarde.com\/index.php\/wp-json\/wp\/v2\/categories?post=237256"},{"taxonomy":"post_tag","embeddable":true,"href":"https:\/\/corrientesdetarde.com\/index.php\/wp-json\/wp\/v2\/tags?post=237256"}],"curies":[{"name":"wp","href":"https:\/\/api.w.org\/{rel}","templated":true}]}}